{"id":7678,"date":"2025-06-20T18:01:28","date_gmt":"2025-06-20T16:01:28","guid":{"rendered":"https:\/\/agora.xtec.cat\/ceip-jrj\/?p=7678"},"modified":"2025-06-20T18:01:28","modified_gmt":"2025-06-20T16:01:28","slug":"celebrem-lamor-per-la-lectura","status":"publish","type":"post","link":"https:\/\/agora.xtec.cat\/ceip-jrj\/general\/celebrem-lamor-per-la-lectura\/","title":{"rendered":"Celebrem l\u2019amor per la lectura!"},"content":{"rendered":"<p data-start=\"187\" data-end=\"498\"><a href=\"https:\/\/agora.xtec.cat\/ceip-jrj\/wp-content\/uploads\/usu280\/2025\/06\/Diplomes.png\"><img loading=\"lazy\" decoding=\"async\" class=\"wp-image-7680 alignleft\" src=\"https:\/\/agora.xtec.cat\/ceip-jrj\/wp-content\/uploads\/usu280\/2025\/06\/Diplomes-1024x724.png\" alt=\"\" width=\"247\" height=\"175\" srcset=\"https:\/\/agora.xtec.cat\/ceip-jrj\/wp-content\/uploads\/usu280\/2025\/06\/Diplomes-1024x724.png 1024w, https:\/\/agora.xtec.cat\/ceip-jrj\/wp-content\/uploads\/usu280\/2025\/06\/Diplomes-300x212.png 300w, https:\/\/agora.xtec.cat\/ceip-jrj\/wp-content\/uploads\/usu280\/2025\/06\/Diplomes-768x543.png 768w, https:\/\/agora.xtec.cat\/ceip-jrj\/wp-content\/uploads\/usu280\/2025\/06\/Diplomes-1536x1086.png 1536w, https:\/\/agora.xtec.cat\/ceip-jrj\/wp-content\/uploads\/usu280\/2025\/06\/Diplomes.png 2000w\" sizes=\"auto, (max-width: 247px) 100vw, 247px\" \/><\/a>L\u2019\u00faltim dia d\u2019escola ha estat molt especial: hem celebrat l\u2019amor pels llibres reconeixent l&#8217;alumnat d\u2019Educaci\u00f3 Prim\u00e0ria que m\u00e9s ha llegit durant el curs! Aquesta activitat, plena d\u2019emoci\u00f3 i entusiasme, ha estat una manera fant\u00e0stica de posar en valor l\u2019esfor\u00e7, la const\u00e0ncia i, sobretot, el gaudi de la lectura.<\/p>\n<p data-start=\"187\" data-end=\"498\">\n<p data-start=\"500\" data-end=\"735\">Llegir ens fa cr\u00e9ixer, imaginar i descobrir mons infinits. Ens ajuda a entendre millor el m\u00f3n, a desenvolupar la creativitat i a connectar amb emocions i realitats diverses. Durant tot l\u2019any, moltes nenes i nens han participat activament en les activitats lectores de l\u2019aula i de la biblioteca, mostrant una gran motivaci\u00f3 i curiositat per tot tipus de llibres. \u00c9s per aix\u00f2 que hem volgut fer un reconeixement especial a aquells i aquelles que han destacat per la seva passi\u00f3 lectora. Sou una inspiraci\u00f3 per a tots els vostres companys i companyes! Us animem a continuar llegint durant les vacances d\u2019estiu i a seguir descobrint noves hist\u00f2ries, personatges i aventures.<\/p>\n<p style=\"text-align: right;\" data-start=\"1450\" data-end=\"1508\">\ud83d\udcac I recordeu: <em data-start=\"1465\" data-end=\"1508\">llegir \u00e9s viure moltes vides en una sola!<\/em><\/p>\n<h6 style=\"text-align: center;\"><b>Per veure les fotografies, feu clic a la pestanya FOTOS (imatge de la c\u00e0mera).<\/b><\/h6>\n<h6 style=\"text-align: center;\"><b>Recordeu que, per garantir la protecci\u00f3 de dades dels menors, haureu d\u2019introduir el codi d\u2019acc\u00e9s proporcionat.<\/b><\/h6>\n","protected":false},"excerpt":{"rendered":"<p>L\u2019\u00faltim dia d\u2019escola ha estat molt especial: hem celebrat l\u2019amor pels llibres reconeixent l&#8217;alumnat d\u2019Educaci\u00f3 Prim\u00e0ria que m\u00e9s ha llegit durant el curs!&hellip;  <a href=\"https:\/\/agora.xtec.cat\/ceip-jrj\/general\/celebrem-lamor-per-la-lectura\/\" title=\"Read Celebrem l\u2019amor per la lectura!\">Llegeix m\u00e9s\u00bb<\/a><\/p>\n","protected":false},"author":9,"featured_media":7680,"comment_status":"closed","ping_status":"closed","sticky":false,"template":"","format":"standard","meta":{"_bbp_topic_count":0,"_bbp_reply_count":0,"_bbp_total_topic_count":0,"_bbp_total_reply_count":0,"_bbp_voice_count":0,"_bbp_anonymous_reply_count":0,"_bbp_topic_count_hidden":0,"_bbp_reply_count_hidden":0,"_bbp_forum_subforum_count":0,"footnotes":""},"categories":[1,4,5],"tags":[],"class_list":["post-7678","post","type-post","status-publish","format-standard","has-post-thumbnail","hentry","category-general","category-portada","category-primaria"],"post_mailing_queue_ids":[],"_links":{"self":[{"href":"https:\/\/agora.xtec.cat\/ceip-jrj\/wp-json\/wp\/v2\/posts\/7678","targetHints":{"allow":["GET"]}}],"collection":[{"href":"https:\/\/agora.xtec.cat\/ceip-jrj\/wp-json\/wp\/v2\/posts"}],"about":[{"href":"https:\/\/agora.xtec.cat\/ceip-jrj\/wp-json\/wp\/v2\/types\/post"}],"author":[{"embeddable":true,"href":"https:\/\/agora.xtec.cat\/ceip-jrj\/wp-json\/wp\/v2\/users\/9"}],"replies":[{"embeddable":true,"href":"https:\/\/agora.xtec.cat\/ceip-jrj\/wp-json\/wp\/v2\/comments?post=7678"}],"version-history":[{"count":6,"href":"https:\/\/agora.xtec.cat\/ceip-jrj\/wp-json\/wp\/v2\/posts\/7678\/revisions"}],"predecessor-version":[{"id":7688,"href":"https:\/\/agora.xtec.cat\/ceip-jrj\/wp-json\/wp\/v2\/posts\/7678\/revisions\/7688"}],"wp:featuredmedia":[{"embeddable":true,"href":"https:\/\/agora.xtec.cat\/ceip-jrj\/wp-json\/wp\/v2\/media\/7680"}],"wp:attachment":[{"href":"https:\/\/agora.xtec.cat\/ceip-jrj\/wp-json\/wp\/v2\/media?parent=7678"}],"wp:term":[{"taxonomy":"category","embeddable":true,"href":"https:\/\/agora.xtec.cat\/ceip-jrj\/wp-json\/wp\/v2\/categories?post=7678"},{"taxonomy":"post_tag","embeddable":true,"href":"https:\/\/agora.xtec.cat\/ceip-jrj\/wp-json\/wp\/v2\/tags?post=7678"}],"curies":[{"name":"wp","href":"https:\/\/api.w.org\/{rel}","templated":true}]}}