{"id":7671,"date":"2025-06-20T17:43:17","date_gmt":"2025-06-20T15:43:17","guid":{"rendered":"https:\/\/agora.xtec.cat\/ceip-jrj\/?p=7671"},"modified":"2025-06-20T17:44:48","modified_gmt":"2025-06-20T15:44:48","slug":"comiat-de-6e-un-viatge-que-no-soblida","status":"publish","type":"post","link":"https:\/\/agora.xtec.cat\/ceip-jrj\/general\/comiat-de-6e-un-viatge-que-no-soblida\/","title":{"rendered":"Comiat de 6\u00e8: Un viatge que no s\u2019oblida"},"content":{"rendered":"<p data-pm-slice=\"1 1 []\"><a href=\"https:\/\/agora.xtec.cat\/ceip-jrj\/wp-content\/uploads\/usu280\/2025\/06\/IMG_0674-scaled.jpg\"><img loading=\"lazy\" decoding=\"async\" class=\" wp-image-7672 alignleft\" src=\"https:\/\/agora.xtec.cat\/ceip-jrj\/wp-content\/uploads\/usu280\/2025\/06\/IMG_0674-768x1024.jpg\" alt=\"\" width=\"241\" height=\"322\" srcset=\"https:\/\/agora.xtec.cat\/ceip-jrj\/wp-content\/uploads\/usu280\/2025\/06\/IMG_0674-768x1024.jpg 768w, https:\/\/agora.xtec.cat\/ceip-jrj\/wp-content\/uploads\/usu280\/2025\/06\/IMG_0674-225x300.jpg 225w, https:\/\/agora.xtec.cat\/ceip-jrj\/wp-content\/uploads\/usu280\/2025\/06\/IMG_0674-1152x1536.jpg 1152w, https:\/\/agora.xtec.cat\/ceip-jrj\/wp-content\/uploads\/usu280\/2025\/06\/IMG_0674-1536x2048.jpg 1536w, https:\/\/agora.xtec.cat\/ceip-jrj\/wp-content\/uploads\/usu280\/2025\/06\/IMG_0674-scaled.jpg 1920w\" sizes=\"auto, (max-width: 241px) 100vw, 241px\" \/><\/a>Aquest final de curs ha tingut un sabor dol\u00e7 i emotiu amb el comiat d&#8217;una nova promoci\u00f3 de 6\u00e8. Una jornada plena de moments intensos, sentiments a flor de pell i molta complicitat.<\/p>\n<p>Els i les protagonistes del dia ens van regalar un espectacle vibrant, amb una coreografia plena de ritme i intensitat. Tota l&#8217;escola, per acomiadar-los, va cantar &#8220;<strong><em>Que tot et vagi b\u00e9<\/em><\/strong>&#8221; del grup Txarango, una can\u00e7\u00f3 amb un missatge que va commoure a tothom.<\/p>\n<p>Veure\u2019ls cr\u00e9ixer ha estat un privilegi. Acompanyar-l@s en aquest tram del cam\u00ed, un honor. Ara inicien una nova etapa amb la motxilla plena d\u2019aprenentatges, amistats i records que els acompanyaran per sempre.<\/p>\n<p>Gr\u00e0cies, 6\u00e8, per tot el que heu compartit.<a href=\"https:\/\/agora.xtec.cat\/ceip-jrj\/wp-content\/uploads\/usu280\/2025\/06\/IMG_0669-scaled.jpg\"><img loading=\"lazy\" decoding=\"async\" class=\"wp-image-7673 alignright\" src=\"https:\/\/agora.xtec.cat\/ceip-jrj\/wp-content\/uploads\/usu280\/2025\/06\/IMG_0669-1024x940.jpg\" alt=\"\" width=\"229\" height=\"210\" srcset=\"https:\/\/agora.xtec.cat\/ceip-jrj\/wp-content\/uploads\/usu280\/2025\/06\/IMG_0669-1024x940.jpg 1024w, https:\/\/agora.xtec.cat\/ceip-jrj\/wp-content\/uploads\/usu280\/2025\/06\/IMG_0669-300x275.jpg 300w, https:\/\/agora.xtec.cat\/ceip-jrj\/wp-content\/uploads\/usu280\/2025\/06\/IMG_0669-768x705.jpg 768w, https:\/\/agora.xtec.cat\/ceip-jrj\/wp-content\/uploads\/usu280\/2025\/06\/IMG_0669-1536x1410.jpg 1536w, https:\/\/agora.xtec.cat\/ceip-jrj\/wp-content\/uploads\/usu280\/2025\/06\/IMG_0669-2048x1880.jpg 2048w\" sizes=\"auto, (max-width: 229px) 100vw, 229px\" \/><\/a><br \/>\nL\u2019escola sempre ser\u00e0 casa vostra.<\/p>\n<p>Us desitgem un futur ple de llum, reptes i somnis.<\/p>\n<p style=\"text-align: right;\">\u2014 <em>L\u2019equip docent i tota la comunitat educativa<\/em><\/p>\n<p style=\"text-align: center;\"><b>Per veure les fotografies, feu clic a la pestanya FOTOS (imatge de la c\u00e0mera).<\/b><\/p>\n","protected":false},"excerpt":{"rendered":"<p>Gr\u00e0cies, 6\u00e8, per tot el que heu compartit. L\u2019escola sempre ser\u00e0 casa vostra!&hellip;  <a href=\"https:\/\/agora.xtec.cat\/ceip-jrj\/general\/comiat-de-6e-un-viatge-que-no-soblida\/\" title=\"Read Comiat de 6\u00e8: Un viatge que no s\u2019oblida\">Llegeix m\u00e9s\u00bb<\/a><\/p>\n","protected":false},"author":9,"featured_media":7672,"comment_status":"closed","ping_status":"closed","sticky":false,"template":"","format":"standard","meta":{"_bbp_topic_count":0,"_bbp_reply_count":0,"_bbp_total_topic_count":0,"_bbp_total_reply_count":0,"_bbp_voice_count":0,"_bbp_anonymous_reply_count":0,"_bbp_topic_count_hidden":0,"_bbp_reply_count_hidden":0,"_bbp_forum_subforum_count":0,"footnotes":""},"categories":[15,1,2,4,5],"tags":[],"class_list":["post-7671","post","type-post","status-publish","format-standard","has-post-thumbnail","hentry","category-6e","category-general","category-infantil","category-portada","category-primaria"],"post_mailing_queue_ids":[],"_links":{"self":[{"href":"https:\/\/agora.xtec.cat\/ceip-jrj\/wp-json\/wp\/v2\/posts\/7671","targetHints":{"allow":["GET"]}}],"collection":[{"href":"https:\/\/agora.xtec.cat\/ceip-jrj\/wp-json\/wp\/v2\/posts"}],"about":[{"href":"https:\/\/agora.xtec.cat\/ceip-jrj\/wp-json\/wp\/v2\/types\/post"}],"author":[{"embeddable":true,"href":"https:\/\/agora.xtec.cat\/ceip-jrj\/wp-json\/wp\/v2\/users\/9"}],"replies":[{"embeddable":true,"href":"https:\/\/agora.xtec.cat\/ceip-jrj\/wp-json\/wp\/v2\/comments?post=7671"}],"version-history":[{"count":3,"href":"https:\/\/agora.xtec.cat\/ceip-jrj\/wp-json\/wp\/v2\/posts\/7671\/revisions"}],"predecessor-version":[{"id":7676,"href":"https:\/\/agora.xtec.cat\/ceip-jrj\/wp-json\/wp\/v2\/posts\/7671\/revisions\/7676"}],"wp:featuredmedia":[{"embeddable":true,"href":"https:\/\/agora.xtec.cat\/ceip-jrj\/wp-json\/wp\/v2\/media\/7672"}],"wp:attachment":[{"href":"https:\/\/agora.xtec.cat\/ceip-jrj\/wp-json\/wp\/v2\/media?parent=7671"}],"wp:term":[{"taxonomy":"category","embeddable":true,"href":"https:\/\/agora.xtec.cat\/ceip-jrj\/wp-json\/wp\/v2\/categories?post=7671"},{"taxonomy":"post_tag","embeddable":true,"href":"https:\/\/agora.xtec.cat\/ceip-jrj\/wp-json\/wp\/v2\/tags?post=7671"}],"curies":[{"name":"wp","href":"https:\/\/api.w.org\/{rel}","templated":true}]}}