{"id":7654,"date":"2025-06-17T18:24:08","date_gmt":"2025-06-17T16:24:08","guid":{"rendered":"https:\/\/agora.xtec.cat\/ceip-jrj\/?p=7654"},"modified":"2025-06-17T18:24:08","modified_gmt":"2025-06-17T16:24:08","slug":"torneig-de-tennis-de-taula-a-cicle-superior","status":"publish","type":"post","link":"https:\/\/agora.xtec.cat\/ceip-jrj\/general\/torneig-de-tennis-de-taula-a-cicle-superior\/","title":{"rendered":"Torneig de Tennis de Taula a Cicle Superior"},"content":{"rendered":"<p data-start=\"224\" data-end=\"505\"><a href=\"https:\/\/agora.xtec.cat\/ceip-jrj\/wp-content\/uploads\/usu280\/2025\/06\/IMG-20250617-WA0022.jpg\"><img loading=\"lazy\" decoding=\"async\" class=\" wp-image-7655 alignleft\" src=\"https:\/\/agora.xtec.cat\/ceip-jrj\/wp-content\/uploads\/usu280\/2025\/06\/IMG-20250617-WA0022.jpg\" alt=\"\" width=\"245\" height=\"167\" srcset=\"https:\/\/agora.xtec.cat\/ceip-jrj\/wp-content\/uploads\/usu280\/2025\/06\/IMG-20250617-WA0022.jpg 582w, https:\/\/agora.xtec.cat\/ceip-jrj\/wp-content\/uploads\/usu280\/2025\/06\/IMG-20250617-WA0022-300x204.jpg 300w\" sizes=\"auto, (max-width: 245px) 100vw, 245px\" \/><\/a>Aquesta setmana s\u2019ha celebrat a l\u2019escola el <strong data-start=\"268\" data-end=\"305\">primer Torneig de Tennis de Taula<\/strong>, amb la participaci\u00f3 de l\u2019alumnat de <strong data-start=\"343\" data-end=\"361\">Cicle Superior<\/strong>. L\u2019activitat, que ha comptat amb el suport de l&#8217;especialista d&#8217;educaci\u00f3 f\u00edsica, ha generat molt inter\u00e8s i entusiasme entre els nois i les noies de 5\u00e8 i 6\u00e8.<\/p>\n<p data-start=\"507\" data-end=\"794\">Despr\u00e9s d\u2019un proc\u00e9s de selecci\u00f3 a les classes, es van escollir cinc representants, que han disputat el torneig amb molt bon nivell i una actitud exemplar. Tot i que els partits es jugaven a sets de nom\u00e9s 3 punts, la intensitat i l\u2019emoci\u00f3 han estat constants en cada enfrontament.<\/p>\n<p data-start=\"796\" data-end=\"845\">Els resultats del torneig han estat els seg\u00fcents:<\/p>\n<ul data-start=\"847\" data-end=\"940\">\n<li data-start=\"847\" data-end=\"879\">\n<p data-start=\"849\" data-end=\"879\">\ud83e\udd47 <strong data-start=\"852\" data-end=\"864\">1r premi<\/strong>: Romeo Pallanza (5\u00e8C)<\/p>\n<\/li>\n<li data-start=\"880\" data-end=\"911\">\n<p data-start=\"882\" data-end=\"911\">\ud83e\udd48 <strong data-start=\"885\" data-end=\"897\">2n premi<\/strong>: Adam Zouaj (5\u00e8A)<\/p>\n<\/li>\n<li data-start=\"912\" data-end=\"940\">\n<p data-start=\"914\" data-end=\"940\">\ud83e\udd49 <strong data-start=\"917\" data-end=\"929\">3r premi<\/strong>: Jan Card\u00f3 (6\u00e8A)<\/p>\n<\/li>\n<\/ul>\n<p data-start=\"942\" data-end=\"1127\">Enhorabona als participants i agrair la implicaci\u00f3 tant de l\u2019alumnat com del professorat, que ha contribu\u00eft a crear un ambient l\u00fadic i participatiu al voltant de l\u2019esport.<\/p>\n<p data-start=\"1129\" data-end=\"1278\">Des de l\u2019escola, apostem per l\u2019esport com a eina educativa, que fomenta valors com la cooperaci\u00f3, l\u2019esfor\u00e7, el respecte i la conviv\u00e8ncia.<\/p>\n<h6 style=\"text-align: center;\"><b>Per veure les fotografies, feu clic a la pestanya FOTOS (imatge de la c\u00e0mera).<\/b><\/h6>\n<h6 style=\"text-align: center;\"><b>Recordeu que, per garantir la protecci\u00f3 de dades dels menors, haureu d\u2019introduir el codi d\u2019acc\u00e9s proporcionat.<\/b><\/h6>\n","protected":false},"excerpt":{"rendered":"<p>Aquesta setmana s\u2019ha celebrat a l\u2019escola el primer Torneig de Tennis de Taula, amb la participaci\u00f3 de l\u2019alumnat de Cicle Superior.&hellip;  <a href=\"https:\/\/agora.xtec.cat\/ceip-jrj\/general\/torneig-de-tennis-de-taula-a-cicle-superior\/\" title=\"Read Torneig de Tennis de Taula a Cicle Superior\">Llegeix m\u00e9s\u00bb<\/a><\/p>\n","protected":false},"author":9,"featured_media":7657,"comment_status":"closed","ping_status":"closed","sticky":false,"template":"","format":"standard","meta":{"_bbp_topic_count":0,"_bbp_reply_count":0,"_bbp_total_topic_count":0,"_bbp_total_reply_count":0,"_bbp_voice_count":0,"_bbp_anonymous_reply_count":0,"_bbp_topic_count_hidden":0,"_bbp_reply_count_hidden":0,"_bbp_forum_subforum_count":0,"footnotes":""},"categories":[14,15,1,4,5],"tags":[],"class_list":["post-7654","post","type-post","status-publish","format-standard","has-post-thumbnail","hentry","category-5e","category-6e","category-general","category-portada","category-primaria"],"post_mailing_queue_ids":[],"_links":{"self":[{"href":"https:\/\/agora.xtec.cat\/ceip-jrj\/wp-json\/wp\/v2\/posts\/7654","targetHints":{"allow":["GET"]}}],"collection":[{"href":"https:\/\/agora.xtec.cat\/ceip-jrj\/wp-json\/wp\/v2\/posts"}],"about":[{"href":"https:\/\/agora.xtec.cat\/ceip-jrj\/wp-json\/wp\/v2\/types\/post"}],"author":[{"embeddable":true,"href":"https:\/\/agora.xtec.cat\/ceip-jrj\/wp-json\/wp\/v2\/users\/9"}],"replies":[{"embeddable":true,"href":"https:\/\/agora.xtec.cat\/ceip-jrj\/wp-json\/wp\/v2\/comments?post=7654"}],"version-history":[{"count":2,"href":"https:\/\/agora.xtec.cat\/ceip-jrj\/wp-json\/wp\/v2\/posts\/7654\/revisions"}],"predecessor-version":[{"id":7658,"href":"https:\/\/agora.xtec.cat\/ceip-jrj\/wp-json\/wp\/v2\/posts\/7654\/revisions\/7658"}],"wp:featuredmedia":[{"embeddable":true,"href":"https:\/\/agora.xtec.cat\/ceip-jrj\/wp-json\/wp\/v2\/media\/7657"}],"wp:attachment":[{"href":"https:\/\/agora.xtec.cat\/ceip-jrj\/wp-json\/wp\/v2\/media?parent=7654"}],"wp:term":[{"taxonomy":"category","embeddable":true,"href":"https:\/\/agora.xtec.cat\/ceip-jrj\/wp-json\/wp\/v2\/categories?post=7654"},{"taxonomy":"post_tag","embeddable":true,"href":"https:\/\/agora.xtec.cat\/ceip-jrj\/wp-json\/wp\/v2\/tags?post=7654"}],"curies":[{"name":"wp","href":"https:\/\/api.w.org\/{rel}","templated":true}]}}