{"id":7647,"date":"2025-06-16T17:25:36","date_gmt":"2025-06-16T15:25:36","guid":{"rendered":"https:\/\/agora.xtec.cat\/ceip-jrj\/?p=7647"},"modified":"2025-06-16T17:33:28","modified_gmt":"2025-06-16T15:33:28","slug":"el-follet-valent-una-cantata-molt-especial","status":"publish","type":"post","link":"https:\/\/agora.xtec.cat\/ceip-jrj\/general\/el-follet-valent-una-cantata-molt-especial\/","title":{"rendered":"El follet valent: una cantata molt especial!"},"content":{"rendered":"<p><a href=\"https:\/\/agora.xtec.cat\/ceip-jrj\/wp-content\/uploads\/usu280\/2025\/06\/Sin-titulo-1.png\"><img loading=\"lazy\" decoding=\"async\" class=\"wp-image-7648 alignleft\" src=\"https:\/\/agora.xtec.cat\/ceip-jrj\/wp-content\/uploads\/usu280\/2025\/06\/Sin-titulo-1.png\" alt=\"\" width=\"157\" height=\"234\" srcset=\"https:\/\/agora.xtec.cat\/ceip-jrj\/wp-content\/uploads\/usu280\/2025\/06\/Sin-titulo-1.png 654w, https:\/\/agora.xtec.cat\/ceip-jrj\/wp-content\/uploads\/usu280\/2025\/06\/Sin-titulo-1-201x300.png 201w\" sizes=\"auto, (max-width: 157px) 100vw, 157px\" \/><\/a><\/p>\n<p>Aquest mes de juny, l\u2019alumnat de primer ha viscut una experi\u00e8ncia musical inoblidable: la representaci\u00f3 de la cantata <strong>El follet valent<\/strong>! Despr\u00e9s de setmanes d\u2019assajos, il\u00b7lusi\u00f3 i molt d\u2019esfor\u00e7, els nostres petits grans artistes van pujar a l\u2019escenari per explicar-nos, amb veu i emoci\u00f3, la hist\u00f2ria d\u2019un follet decidit i coratj\u00f3s.<\/p>\n<p>La gravaci\u00f3 de l\u2019actuaci\u00f3 ja est\u00e0 disponible per a les fam\u00edlies que no van poder assistir-hi o per qui vulgui reviure aquell moment tan especial. Us convidem a gaudir-ne des de casa i reiterem la nostra enhorabona als nostres artistes i el mestre de m\u00fasica per la gran feina feta.<\/p>\n<h6 style=\"text-align: center;\"><b>Per veure la gravaci\u00f3, feu clic a la pestanya FOTOS (imatge de la c\u00e0mera).<\/b><\/h6>\n<p style=\"text-align: center;\"><b>Recordeu que, per garantir la protecci\u00f3 de dades dels menors, haureu d\u2019introduir el codi d\u2019acc\u00e9s proporcionat.<\/b><\/p>\n","protected":false},"excerpt":{"rendered":"<p>Aquest mes de juny, l\u2019alumnat de primer ha viscut una experi\u00e8ncia musical inoblidable: la representaci\u00f3 de la cantata El follet valent!&hellip;  <a href=\"https:\/\/agora.xtec.cat\/ceip-jrj\/general\/el-follet-valent-una-cantata-molt-especial\/\" title=\"Read El follet valent: una cantata molt especial!\">Llegeix m\u00e9s\u00bb<\/a><\/p>\n","protected":false},"author":9,"featured_media":7648,"comment_status":"closed","ping_status":"closed","sticky":false,"template":"","format":"standard","meta":{"_bbp_topic_count":0,"_bbp_reply_count":0,"_bbp_total_topic_count":0,"_bbp_total_reply_count":0,"_bbp_voice_count":0,"_bbp_anonymous_reply_count":0,"_bbp_topic_count_hidden":0,"_bbp_reply_count_hidden":0,"_bbp_forum_subforum_count":0,"footnotes":""},"categories":[10,1,4,5],"tags":[],"class_list":["post-7647","post","type-post","status-publish","format-standard","has-post-thumbnail","hentry","category-1r","category-general","category-portada","category-primaria"],"post_mailing_queue_ids":[],"_links":{"self":[{"href":"https:\/\/agora.xtec.cat\/ceip-jrj\/wp-json\/wp\/v2\/posts\/7647","targetHints":{"allow":["GET"]}}],"collection":[{"href":"https:\/\/agora.xtec.cat\/ceip-jrj\/wp-json\/wp\/v2\/posts"}],"about":[{"href":"https:\/\/agora.xtec.cat\/ceip-jrj\/wp-json\/wp\/v2\/types\/post"}],"author":[{"embeddable":true,"href":"https:\/\/agora.xtec.cat\/ceip-jrj\/wp-json\/wp\/v2\/users\/9"}],"replies":[{"embeddable":true,"href":"https:\/\/agora.xtec.cat\/ceip-jrj\/wp-json\/wp\/v2\/comments?post=7647"}],"version-history":[{"count":4,"href":"https:\/\/agora.xtec.cat\/ceip-jrj\/wp-json\/wp\/v2\/posts\/7647\/revisions"}],"predecessor-version":[{"id":7653,"href":"https:\/\/agora.xtec.cat\/ceip-jrj\/wp-json\/wp\/v2\/posts\/7647\/revisions\/7653"}],"wp:featuredmedia":[{"embeddable":true,"href":"https:\/\/agora.xtec.cat\/ceip-jrj\/wp-json\/wp\/v2\/media\/7648"}],"wp:attachment":[{"href":"https:\/\/agora.xtec.cat\/ceip-jrj\/wp-json\/wp\/v2\/media?parent=7647"}],"wp:term":[{"taxonomy":"category","embeddable":true,"href":"https:\/\/agora.xtec.cat\/ceip-jrj\/wp-json\/wp\/v2\/categories?post=7647"},{"taxonomy":"post_tag","embeddable":true,"href":"https:\/\/agora.xtec.cat\/ceip-jrj\/wp-json\/wp\/v2\/tags?post=7647"}],"curies":[{"name":"wp","href":"https:\/\/api.w.org\/{rel}","templated":true}]}}