{"id":7630,"date":"2025-06-10T12:13:43","date_gmt":"2025-06-10T10:13:43","guid":{"rendered":"https:\/\/agora.xtec.cat\/ceip-jrj\/?p=7630"},"modified":"2025-06-10T12:25:13","modified_gmt":"2025-06-10T10:25:13","slug":"6e-a-portaventura-una-aventura-inoblidable","status":"publish","type":"post","link":"https:\/\/agora.xtec.cat\/ceip-jrj\/general\/6e-a-portaventura-una-aventura-inoblidable\/","title":{"rendered":"6\u00e8 a PortAventura: \u00a1Una Aventura Inoblidable!"},"content":{"rendered":"<p data-sourcepos=\"7:1-7:286\"><img loading=\"lazy\" decoding=\"async\" class=\"wp-image-7632 alignleft\" src=\"https:\/\/agora.xtec.cat\/ceip-jrj\/wp-content\/uploads\/usu280\/2025\/06\/web-11.png\" alt=\"\" width=\"276\" height=\"195\" srcset=\"https:\/\/agora.xtec.cat\/ceip-jrj\/wp-content\/uploads\/usu280\/2025\/06\/web-11.png 2000w, https:\/\/agora.xtec.cat\/ceip-jrj\/wp-content\/uploads\/usu280\/2025\/06\/web-11-300x212.png 300w, https:\/\/agora.xtec.cat\/ceip-jrj\/wp-content\/uploads\/usu280\/2025\/06\/web-11-1024x724.png 1024w, https:\/\/agora.xtec.cat\/ceip-jrj\/wp-content\/uploads\/usu280\/2025\/06\/web-11-768x543.png 768w, https:\/\/agora.xtec.cat\/ceip-jrj\/wp-content\/uploads\/usu280\/2025\/06\/web-11-1536x1086.png 1536w\" sizes=\"auto, (max-width: 276px) 100vw, 276px\" \/>Durant tres dies, els nostres alumnes de 6\u00e8 han viscut una experi\u00e8ncia inoblidable a PortAventura World, i podem assegurar que s&#8217;ho han passat d&#8217;all\u00f2 m\u00e9s b\u00e9! L&#8217;emoci\u00f3 es palpava en l&#8217;ambient des del primer moment, i les cares d&#8217;alegria van ser la t\u00f2nica dominant durant tota la sortida.<\/p>\n<p data-sourcepos=\"9:1-9:342\">Les <strong>atraccions<\/strong> del parc van ser un dels grans atractius, i els nostres joves aventurers no van deixar-ne ni una per provar! Des de les m\u00e9s vertiginoses fins a les m\u00e9s aqu\u00e0tiques, totes van ser motiu de riures i adrenalina. Els <strong>espectacles<\/strong> tamb\u00e9 van captivar l&#8217;atenci\u00f3 de l&#8217;alumnat, que va gaudir de la m\u00e0gia i el talent dels artistes.<\/p>\n<p data-sourcepos=\"11:1-11:539\">L&#8217;estada a l&#8217;<strong>Hotel Caribe<\/strong> va ser el complement perfecte per a aquests dies d&#8217;aventura. Despr\u00e9s d&#8217;un dia intens de diversi\u00f3, els alumnes van poder relaxar-se i gaudir de les instal\u00b7lacions de l&#8217;hotel. La <strong>piscina<\/strong> va ser un dels punts de trobada preferits, on van poder refrescar-se i jugar. Les nits es van animar amb la <strong>disco-m\u00f2bil<\/strong>, que va posar la banda sonora a moments de ball i diversi\u00f3. I, per recarregar energies, el <strong>bufet lliure<\/strong> de l&#8217;hotel va ser tot un \u00e8xit, oferint una gran varietat de plats per a tots els gustos.<\/p>\n<p data-sourcepos=\"13:1-13:246\">Sens dubte, aquesta sortida ha estat una experi\u00e8ncia enriquidora que ha perm\u00e8s als nostres alumnes gaudir, conviure i crear records que duraran per sempre. Estem molt contents de veure com han gaudit i com han compartit aquests moments especials.<\/p>\n<h6 style=\"text-align: center;\"><b>Per veure les fotografies, feu clic a la pestanya FOTOS (imatge de la c\u00e0mera).<\/b><\/h6>\n<h6 style=\"text-align: center;\"><b>Recordeu que, per garantir la protecci\u00f3 de dades dels menors, haureu d\u2019introduir el codi d\u2019acc\u00e9s proporcionat.<\/b><\/h6>\n","protected":false},"excerpt":{"rendered":"<p>Els alumnes de 6\u00e8 han passat tres dies genials a PortAventura, gaudint d&#8217;atraccions, espectacles i les comoditats de l&#8217;Hotel Caribe.&hellip;  <a href=\"https:\/\/agora.xtec.cat\/ceip-jrj\/general\/6e-a-portaventura-una-aventura-inoblidable\/\" title=\"Read 6\u00e8 a PortAventura: \u00a1Una Aventura Inoblidable!\">Llegeix m\u00e9s\u00bb<\/a><\/p>\n","protected":false},"author":1,"featured_media":7631,"comment_status":"closed","ping_status":"closed","sticky":false,"template":"","format":"standard","meta":{"_bbp_topic_count":0,"_bbp_reply_count":0,"_bbp_total_topic_count":0,"_bbp_total_reply_count":0,"_bbp_voice_count":0,"_bbp_anonymous_reply_count":0,"_bbp_topic_count_hidden":0,"_bbp_reply_count_hidden":0,"_bbp_forum_subforum_count":0,"footnotes":""},"categories":[15,1,4,5],"tags":[],"class_list":["post-7630","post","type-post","status-publish","format-standard","has-post-thumbnail","hentry","category-6e","category-general","category-portada","category-primaria"],"post_mailing_queue_ids":[],"_links":{"self":[{"href":"https:\/\/agora.xtec.cat\/ceip-jrj\/wp-json\/wp\/v2\/posts\/7630","targetHints":{"allow":["GET"]}}],"collection":[{"href":"https:\/\/agora.xtec.cat\/ceip-jrj\/wp-json\/wp\/v2\/posts"}],"about":[{"href":"https:\/\/agora.xtec.cat\/ceip-jrj\/wp-json\/wp\/v2\/types\/post"}],"author":[{"embeddable":true,"href":"https:\/\/agora.xtec.cat\/ceip-jrj\/wp-json\/wp\/v2\/users\/1"}],"replies":[{"embeddable":true,"href":"https:\/\/agora.xtec.cat\/ceip-jrj\/wp-json\/wp\/v2\/comments?post=7630"}],"version-history":[{"count":1,"href":"https:\/\/agora.xtec.cat\/ceip-jrj\/wp-json\/wp\/v2\/posts\/7630\/revisions"}],"predecessor-version":[{"id":7633,"href":"https:\/\/agora.xtec.cat\/ceip-jrj\/wp-json\/wp\/v2\/posts\/7630\/revisions\/7633"}],"wp:featuredmedia":[{"embeddable":true,"href":"https:\/\/agora.xtec.cat\/ceip-jrj\/wp-json\/wp\/v2\/media\/7631"}],"wp:attachment":[{"href":"https:\/\/agora.xtec.cat\/ceip-jrj\/wp-json\/wp\/v2\/media?parent=7630"}],"wp:term":[{"taxonomy":"category","embeddable":true,"href":"https:\/\/agora.xtec.cat\/ceip-jrj\/wp-json\/wp\/v2\/categories?post=7630"},{"taxonomy":"post_tag","embeddable":true,"href":"https:\/\/agora.xtec.cat\/ceip-jrj\/wp-json\/wp\/v2\/tags?post=7630"}],"curies":[{"name":"wp","href":"https:\/\/api.w.org\/{rel}","templated":true}]}}