{"id":7596,"date":"2025-05-30T04:41:41","date_gmt":"2025-05-30T02:41:41","guid":{"rendered":"https:\/\/agora.xtec.cat\/ceip-jrj\/?p=7596"},"modified":"2025-05-30T04:41:41","modified_gmt":"2025-05-30T02:41:41","slug":"visitem-el-delta-del-llobregat","status":"publish","type":"post","link":"https:\/\/agora.xtec.cat\/ceip-jrj\/general\/visitem-el-delta-del-llobregat\/","title":{"rendered":"Visitem el Delta del Llobregat"},"content":{"rendered":"<p><img loading=\"lazy\" decoding=\"async\" class=\"wp-image-7598 alignright\" src=\"https:\/\/agora.xtec.cat\/ceip-jrj\/wp-content\/uploads\/usu280\/2025\/05\/Sin-titulo.png\" alt=\"\" width=\"202\" height=\"265\" srcset=\"https:\/\/agora.xtec.cat\/ceip-jrj\/wp-content\/uploads\/usu280\/2025\/05\/Sin-titulo.png 730w, https:\/\/agora.xtec.cat\/ceip-jrj\/wp-content\/uploads\/usu280\/2025\/05\/Sin-titulo-229x300.png 229w\" sizes=\"auto, (max-width: 202px) 100vw, 202px\" \/><span style=\"font-family: inherit; font-size: 1em;\">El passat dimecres 28 de maig, l&#8217;alumnat de 3r va fer una sortida al Delta del Llobregat. All\u00e0, van poder aprendre com es forma un delta i veure diferents tipus de plantes i animals propis de la zona.<\/span><\/p>\n<div>\n<p>Van poder observar alguns ocells i altres esp\u00e8cies aqu\u00e0tiques des d&#8217;alguns miradors, amb l&#8217;ajuda d&#8217;uns prism\u00e0tics i tamb\u00e9 van comprendre com respectar una zona protegida.<\/p>\n<p>Per finalitzar l&#8217;activitat, van crear un punt de llibre amb elements naturals de l&#8217;entorn del delta.<\/p>\n<p>Els nens i nenes van passar un dia envoltats de natura i gaudint dels paisatges que ens ofereix\u00a0el nostre indret.<\/p>\n<h6><\/h6>\n<h6 style=\"text-align: center;\"><b>Per veure les fotografies, feu clic a la pestanya FOTOS (imatge de la c\u00e0mera).<\/b><\/h6>\n<h6 style=\"text-align: center;\"><b>Recordeu que, per garantir la protecci\u00f3 de dades dels menors, haureu d\u2019introduir el codi d\u2019acc\u00e9s proporcionat.<\/b><\/h6>\n<\/div>\n","protected":false},"excerpt":{"rendered":"<p>L&#8217;alumnat de 3r visita el Delta del Llobregat i coneix la flora i fauna caracter\u00edstica de la zona.&hellip;  <a href=\"https:\/\/agora.xtec.cat\/ceip-jrj\/general\/visitem-el-delta-del-llobregat\/\" title=\"Read Visitem el Delta del Llobregat\">Llegeix m\u00e9s\u00bb<\/a><\/p>\n","protected":false},"author":9,"featured_media":7601,"comment_status":"closed","ping_status":"closed","sticky":false,"template":"","format":"standard","meta":{"_bbp_topic_count":0,"_bbp_reply_count":0,"_bbp_total_topic_count":0,"_bbp_total_reply_count":0,"_bbp_voice_count":0,"_bbp_anonymous_reply_count":0,"_bbp_topic_count_hidden":0,"_bbp_reply_count_hidden":0,"_bbp_forum_subforum_count":0,"footnotes":""},"categories":[12,1,4,5],"tags":[],"class_list":["post-7596","post","type-post","status-publish","format-standard","has-post-thumbnail","hentry","category-3r","category-general","category-portada","category-primaria"],"post_mailing_queue_ids":[],"_links":{"self":[{"href":"https:\/\/agora.xtec.cat\/ceip-jrj\/wp-json\/wp\/v2\/posts\/7596","targetHints":{"allow":["GET"]}}],"collection":[{"href":"https:\/\/agora.xtec.cat\/ceip-jrj\/wp-json\/wp\/v2\/posts"}],"about":[{"href":"https:\/\/agora.xtec.cat\/ceip-jrj\/wp-json\/wp\/v2\/types\/post"}],"author":[{"embeddable":true,"href":"https:\/\/agora.xtec.cat\/ceip-jrj\/wp-json\/wp\/v2\/users\/9"}],"replies":[{"embeddable":true,"href":"https:\/\/agora.xtec.cat\/ceip-jrj\/wp-json\/wp\/v2\/comments?post=7596"}],"version-history":[{"count":2,"href":"https:\/\/agora.xtec.cat\/ceip-jrj\/wp-json\/wp\/v2\/posts\/7596\/revisions"}],"predecessor-version":[{"id":7600,"href":"https:\/\/agora.xtec.cat\/ceip-jrj\/wp-json\/wp\/v2\/posts\/7596\/revisions\/7600"}],"wp:featuredmedia":[{"embeddable":true,"href":"https:\/\/agora.xtec.cat\/ceip-jrj\/wp-json\/wp\/v2\/media\/7601"}],"wp:attachment":[{"href":"https:\/\/agora.xtec.cat\/ceip-jrj\/wp-json\/wp\/v2\/media?parent=7596"}],"wp:term":[{"taxonomy":"category","embeddable":true,"href":"https:\/\/agora.xtec.cat\/ceip-jrj\/wp-json\/wp\/v2\/categories?post=7596"},{"taxonomy":"post_tag","embeddable":true,"href":"https:\/\/agora.xtec.cat\/ceip-jrj\/wp-json\/wp\/v2\/tags?post=7596"}],"curies":[{"name":"wp","href":"https:\/\/api.w.org\/{rel}","templated":true}]}}