{"id":7591,"date":"2025-05-27T18:26:05","date_gmt":"2025-05-27T16:26:05","guid":{"rendered":"https:\/\/agora.xtec.cat\/ceip-jrj\/?p=7591"},"modified":"2025-05-27T18:26:05","modified_gmt":"2025-05-27T16:26:05","slug":"els-alumnes-de-6e-protagonistes-a-radio-martorell","status":"publish","type":"post","link":"https:\/\/agora.xtec.cat\/ceip-jrj\/general\/els-alumnes-de-6e-protagonistes-a-radio-martorell\/","title":{"rendered":"Els alumnes de 6\u00e8, protagonistes a R\u00e0dio Martorell"},"content":{"rendered":"<p data-start=\"100\" data-end=\"218\">\ud83d\udcfb <strong data-start=\"103\" data-end=\"218\">Els alumnes de 6\u00e8, protagonistes a R\u00e0dio Martorell pel seu pas a la fase estatal del Torneig Cruyff Courts 6vs6<\/strong><\/p>\n<p data-start=\"220\" data-end=\"397\"><a href=\"https:\/\/agora.xtec.cat\/ceip-jrj\/wp-content\/uploads\/usu280\/2025\/05\/IMG-20250526-WA0003.jpg\"><img loading=\"lazy\" decoding=\"async\" class=\"wp-image-7586 alignleft\" src=\"https:\/\/agora.xtec.cat\/ceip-jrj\/wp-content\/uploads\/usu280\/2025\/05\/IMG-20250526-WA0003-1024x682.jpg\" alt=\"\" width=\"278\" height=\"185\" srcset=\"https:\/\/agora.xtec.cat\/ceip-jrj\/wp-content\/uploads\/usu280\/2025\/05\/IMG-20250526-WA0003-1024x682.jpg 1024w, https:\/\/agora.xtec.cat\/ceip-jrj\/wp-content\/uploads\/usu280\/2025\/05\/IMG-20250526-WA0003-300x200.jpg 300w, https:\/\/agora.xtec.cat\/ceip-jrj\/wp-content\/uploads\/usu280\/2025\/05\/IMG-20250526-WA0003-768x512.jpg 768w, https:\/\/agora.xtec.cat\/ceip-jrj\/wp-content\/uploads\/usu280\/2025\/05\/IMG-20250526-WA0003-1536x1024.jpg 1536w, https:\/\/agora.xtec.cat\/ceip-jrj\/wp-content\/uploads\/usu280\/2025\/05\/IMG-20250526-WA0003-2048x1365.jpg 2048w\" sizes=\"auto, (max-width: 278px) 100vw, 278px\" \/><\/a>Dilluns 26 de maig els alumnes de 6\u00e8 han estat entrevistats a R\u00e0dio Martorell per celebrar la seva classificaci\u00f3 a la fase estatal del Torneig Cruyff Courts 6vs6.<\/p>\n<p data-start=\"399\" data-end=\"654\">Despr\u00e9s de guanyar la fase local (6 d\u2019abril) i la fase regional (10 de maig), totes dues disputades al Cruyff Court de Les Carolines, el nostre equip representar\u00e0 la nostra escola a la fase estatal, que tindr\u00e0 lloc el 8 de juny a Igualada.<\/p>\n<p data-start=\"656\" data-end=\"783\">Durant l\u2019entrevista, els alumnes van compartir les seves viv\u00e8ncies i van destacar valors com el treball en equip i el respecte.<\/p>\n<p data-start=\"785\" data-end=\"847\">\ud83d\udce2 Us avisarem quan s\u2019emeti l\u2019entrevista. <strong>No us la perdeu!<\/strong><\/p>\n<p data-start=\"785\" data-end=\"847\">\ud83d\udc49 Si voleu m\u00e9s informaci\u00f3 sobre el torneig, podeu visitar: <a class=\"\" href=\"https:\/\/www.cruyff-foundation.org\/es\/proyectos\/cruyff-courts\/torneo-cruyff-courts-6-vs-6\/\" target=\"_new\" rel=\"noopener\" data-start=\"895\" data-end=\"1009\">cruyff-foundation.org<\/a><\/p>\n","protected":false},"excerpt":{"rendered":"<p>Els alumnes de 6\u00e8, protagonistes a R\u00e0dio Martorell pel seu pas a la fase estatal del Torneig Cruyff Courts 6vs6.&hellip;  <a href=\"https:\/\/agora.xtec.cat\/ceip-jrj\/general\/els-alumnes-de-6e-protagonistes-a-radio-martorell\/\" title=\"Read Els alumnes de 6\u00e8, protagonistes a R\u00e0dio Martorell\">Llegeix m\u00e9s\u00bb<\/a><\/p>\n","protected":false},"author":9,"featured_media":7587,"comment_status":"closed","ping_status":"closed","sticky":false,"template":"","format":"standard","meta":{"_bbp_topic_count":0,"_bbp_reply_count":0,"_bbp_total_topic_count":0,"_bbp_total_reply_count":0,"_bbp_voice_count":0,"_bbp_anonymous_reply_count":0,"_bbp_topic_count_hidden":0,"_bbp_reply_count_hidden":0,"_bbp_forum_subforum_count":0,"footnotes":""},"categories":[15,1,4,5],"tags":[],"class_list":["post-7591","post","type-post","status-publish","format-standard","has-post-thumbnail","hentry","category-6e","category-general","category-portada","category-primaria"],"post_mailing_queue_ids":[],"_links":{"self":[{"href":"https:\/\/agora.xtec.cat\/ceip-jrj\/wp-json\/wp\/v2\/posts\/7591","targetHints":{"allow":["GET"]}}],"collection":[{"href":"https:\/\/agora.xtec.cat\/ceip-jrj\/wp-json\/wp\/v2\/posts"}],"about":[{"href":"https:\/\/agora.xtec.cat\/ceip-jrj\/wp-json\/wp\/v2\/types\/post"}],"author":[{"embeddable":true,"href":"https:\/\/agora.xtec.cat\/ceip-jrj\/wp-json\/wp\/v2\/users\/9"}],"replies":[{"embeddable":true,"href":"https:\/\/agora.xtec.cat\/ceip-jrj\/wp-json\/wp\/v2\/comments?post=7591"}],"version-history":[{"count":1,"href":"https:\/\/agora.xtec.cat\/ceip-jrj\/wp-json\/wp\/v2\/posts\/7591\/revisions"}],"predecessor-version":[{"id":7592,"href":"https:\/\/agora.xtec.cat\/ceip-jrj\/wp-json\/wp\/v2\/posts\/7591\/revisions\/7592"}],"wp:featuredmedia":[{"embeddable":true,"href":"https:\/\/agora.xtec.cat\/ceip-jrj\/wp-json\/wp\/v2\/media\/7587"}],"wp:attachment":[{"href":"https:\/\/agora.xtec.cat\/ceip-jrj\/wp-json\/wp\/v2\/media?parent=7591"}],"wp:term":[{"taxonomy":"category","embeddable":true,"href":"https:\/\/agora.xtec.cat\/ceip-jrj\/wp-json\/wp\/v2\/categories?post=7591"},{"taxonomy":"post_tag","embeddable":true,"href":"https:\/\/agora.xtec.cat\/ceip-jrj\/wp-json\/wp\/v2\/tags?post=7591"}],"curies":[{"name":"wp","href":"https:\/\/api.w.org\/{rel}","templated":true}]}}