{"id":7584,"date":"2025-05-26T19:25:17","date_gmt":"2025-05-26T17:25:17","guid":{"rendered":"https:\/\/agora.xtec.cat\/ceip-jrj\/?p=7584"},"modified":"2025-05-26T19:25:17","modified_gmt":"2025-05-26T17:25:17","slug":"com-acompanyar-i-fomentar-la-lectura-des-de-casa","status":"publish","type":"post","link":"https:\/\/agora.xtec.cat\/ceip-jrj\/general\/com-acompanyar-i-fomentar-la-lectura-des-de-casa\/","title":{"rendered":"Com acompanyar i fomentar la lectura des de casa"},"content":{"rendered":"<p><a href=\"https:\/\/agora.xtec.cat\/ceip-jrj\/wp-content\/uploads\/usu280\/2025\/05\/1746646462664-1.jpg\"><img loading=\"lazy\" decoding=\"async\" class=\"wp-image-7534 alignright\" src=\"https:\/\/agora.xtec.cat\/ceip-jrj\/wp-content\/uploads\/usu280\/2025\/05\/1746646462664-1-1024x752.jpg\" alt=\"\" width=\"294\" height=\"216\" srcset=\"https:\/\/agora.xtec.cat\/ceip-jrj\/wp-content\/uploads\/usu280\/2025\/05\/1746646462664-1-1024x752.jpg 1024w, https:\/\/agora.xtec.cat\/ceip-jrj\/wp-content\/uploads\/usu280\/2025\/05\/1746646462664-1-300x220.jpg 300w, https:\/\/agora.xtec.cat\/ceip-jrj\/wp-content\/uploads\/usu280\/2025\/05\/1746646462664-1-768x564.jpg 768w, https:\/\/agora.xtec.cat\/ceip-jrj\/wp-content\/uploads\/usu280\/2025\/05\/1746646462664-1.jpg 1282w\" sizes=\"auto, (max-width: 294px) 100vw, 294px\" \/><\/a><\/p>\n<p class=\"\" data-start=\"195\" data-end=\"377\">El passat dimecres 7 de maig va tenir lloc al nostre centre la xerrada <em data-start=\"265\" data-end=\"317\">\u201cCom acompanyar i fomentar la lectura des de casa\u201d <\/em>a c\u00e0rrec de l&#8217;Anna Mart\u00ednez, adre\u00e7ada a totes les fam\u00edlies de la comunitat educativa.<\/p>\n<p class=\"\" data-start=\"379\" data-end=\"588\">Va ser una tarda molt participativa, en qu\u00e8 es van compartir reflexions, recursos i propostes per promoure l\u2019h\u00e0bit lector des de casa, afavorint la connexi\u00f3 entre escola i fam\u00edlia en el foment de la lectura.<\/p>\n<p data-start=\"827\" data-end=\"1081\">Gr\u00e0cies a totes les fam\u00edlies que hi vau participar. Continuem fent de la lectura una experi\u00e8ncia compartida! \ud83d\udcd6\u2764\ufe0f<\/p>\n<p class=\"\" data-start=\"827\" data-end=\"1081\">Podeu consultar m\u00e9s informaci\u00f3 sobre la campanya que promou el Departament d&#8217;Educaci\u00f3 relacionada amb aquest tema en aquest enlla\u00e7: \ud83d\udc49 <a class=\"\" href=\"https:\/\/educacio.gencat.cat\/ca\/departament\/publicacions\/campanyes\/llegir-familia\/\" target=\"_new\" rel=\"noopener\" data-start=\"954\" data-end=\"1081\">Llegim en fam\u00edlia &#8211; Departament d\u2019Educaci\u00f3<\/a><\/p>\n<p class=\"\" data-start=\"1083\" data-end=\"1197\">\n","protected":false},"excerpt":{"rendered":"<p>El passat dimecres 7 de maig va tenir lloc al nostre centre la xerrada \u201cCom acompanyar i fomentar la lectura des de casa\u201d a c\u00e0rrec de l&#8217;Anna Mart\u00ednez, adre\u00e7ada a totes les fam\u00edlies de la comunitat educativa.&hellip;  <a href=\"https:\/\/agora.xtec.cat\/ceip-jrj\/general\/com-acompanyar-i-fomentar-la-lectura-des-de-casa\/\" title=\"Read Com acompanyar i fomentar la lectura des de casa\">Llegeix m\u00e9s\u00bb<\/a><\/p>\n","protected":false},"author":9,"featured_media":7533,"comment_status":"closed","ping_status":"closed","sticky":false,"template":"","format":"standard","meta":{"_bbp_topic_count":0,"_bbp_reply_count":0,"_bbp_total_topic_count":0,"_bbp_total_reply_count":0,"_bbp_voice_count":0,"_bbp_anonymous_reply_count":0,"_bbp_topic_count_hidden":0,"_bbp_reply_count_hidden":0,"_bbp_forum_subforum_count":0,"footnotes":""},"categories":[1,4],"tags":[],"class_list":["post-7584","post","type-post","status-publish","format-standard","has-post-thumbnail","hentry","category-general","category-portada"],"post_mailing_queue_ids":[],"_links":{"self":[{"href":"https:\/\/agora.xtec.cat\/ceip-jrj\/wp-json\/wp\/v2\/posts\/7584","targetHints":{"allow":["GET"]}}],"collection":[{"href":"https:\/\/agora.xtec.cat\/ceip-jrj\/wp-json\/wp\/v2\/posts"}],"about":[{"href":"https:\/\/agora.xtec.cat\/ceip-jrj\/wp-json\/wp\/v2\/types\/post"}],"author":[{"embeddable":true,"href":"https:\/\/agora.xtec.cat\/ceip-jrj\/wp-json\/wp\/v2\/users\/9"}],"replies":[{"embeddable":true,"href":"https:\/\/agora.xtec.cat\/ceip-jrj\/wp-json\/wp\/v2\/comments?post=7584"}],"version-history":[{"count":1,"href":"https:\/\/agora.xtec.cat\/ceip-jrj\/wp-json\/wp\/v2\/posts\/7584\/revisions"}],"predecessor-version":[{"id":7585,"href":"https:\/\/agora.xtec.cat\/ceip-jrj\/wp-json\/wp\/v2\/posts\/7584\/revisions\/7585"}],"wp:featuredmedia":[{"embeddable":true,"href":"https:\/\/agora.xtec.cat\/ceip-jrj\/wp-json\/wp\/v2\/media\/7533"}],"wp:attachment":[{"href":"https:\/\/agora.xtec.cat\/ceip-jrj\/wp-json\/wp\/v2\/media?parent=7584"}],"wp:term":[{"taxonomy":"category","embeddable":true,"href":"https:\/\/agora.xtec.cat\/ceip-jrj\/wp-json\/wp\/v2\/categories?post=7584"},{"taxonomy":"post_tag","embeddable":true,"href":"https:\/\/agora.xtec.cat\/ceip-jrj\/wp-json\/wp\/v2\/tags?post=7584"}],"curies":[{"name":"wp","href":"https:\/\/api.w.org\/{rel}","templated":true}]}}