{"id":7573,"date":"2025-05-22T15:26:24","date_gmt":"2025-05-22T13:26:24","guid":{"rendered":"https:\/\/agora.xtec.cat\/ceip-jrj\/?p=7573"},"modified":"2025-05-22T15:26:24","modified_gmt":"2025-05-22T13:26:24","slug":"ponts-entre-generacions","status":"publish","type":"post","link":"https:\/\/agora.xtec.cat\/ceip-jrj\/general\/ponts-entre-generacions\/","title":{"rendered":"Ponts entre Generacions"},"content":{"rendered":"<p><a href=\"https:\/\/agora.xtec.cat\/ceip-jrj\/wp-content\/uploads\/usu280\/2025\/05\/IMG_7776-1-scaled.jpg\"><img loading=\"lazy\" decoding=\"async\" class=\"wp-image-7575 alignleft\" src=\"https:\/\/agora.xtec.cat\/ceip-jrj\/wp-content\/uploads\/usu280\/2025\/05\/IMG_7776-1-1024x581.jpg\" alt=\"\" width=\"339\" height=\"192\" srcset=\"https:\/\/agora.xtec.cat\/ceip-jrj\/wp-content\/uploads\/usu280\/2025\/05\/IMG_7776-1-1024x581.jpg 1024w, https:\/\/agora.xtec.cat\/ceip-jrj\/wp-content\/uploads\/usu280\/2025\/05\/IMG_7776-1-300x170.jpg 300w, https:\/\/agora.xtec.cat\/ceip-jrj\/wp-content\/uploads\/usu280\/2025\/05\/IMG_7776-1-768x435.jpg 768w, https:\/\/agora.xtec.cat\/ceip-jrj\/wp-content\/uploads\/usu280\/2025\/05\/IMG_7776-1-1536x871.jpg 1536w, https:\/\/agora.xtec.cat\/ceip-jrj\/wp-content\/uploads\/usu280\/2025\/05\/IMG_7776-1-2048x1161.jpg 2048w\" sizes=\"auto, (max-width: 339px) 100vw, 339px\" \/><\/a>Dimecres 21 de maig, els nens i les nenes de 3r de prim\u00e0ria de la nostra escola van visitar la Resid\u00e8ncia Anoia de Martorell.<\/p>\n<p data-pm-slice=\"1 1 []\">L&#8217;escola Juan Ram\u00f3n Jim\u00e9nez fa anys que duu a terme activitats conjuntes amb aquesta resid\u00e8ncia per a gent gran. Durant aquest curs, l&#8217;alumnat i els avis han intercanviat cartes, tot explicant-se an\u00e8cdotes els uns als altres i podent comparar la inf\u00e0ncia d&#8217;ambdues generacions.<\/p>\n<p>Tamb\u00e9 ens van venir a visitar a l&#8217;escola en el dia del DENIP, per la Pau i la No-Viol\u00e8ncia. Finalment, hem fet el tancament del curs, fent-los nosaltres una visita des de l&#8217;escola. Infants i avis van compartir un mat\u00ed d&#8217;activitats conjuntes: els nens i nenes van fer una exhibici\u00f3 de ball i despr\u00e9s, tots plegats, van fer unes broquetes de fruita variada per esmorzar i van fer una mica d&#8217;activitat f\u00edsica. L&#8217;alumnat de 3r va gaudir de l&#8217;experi\u00e8ncia i va ser molt enriquidora. Gr\u00e0cies per convidar-nos!<\/p>\n<h6 style=\"text-align: center;\"><b>Per veure les fotografies, feu clic a la pestanya FOTOS (imatge de la c\u00e0mera).<\/b><\/h6>\n<h6 style=\"text-align: center;\"><b>Recordeu que, per garantir la protecci\u00f3 de dades dels menors, haureu d\u2019introduir el codi d\u2019acc\u00e9s proporcionat.<\/b><\/h6>\n","protected":false},"excerpt":{"rendered":"<p>Dimecres 21 de maig, els nens i les nenes de 3r de prim\u00e0ria de la nostra escola van visitar la Resid\u00e8ncia Anoia de Martorell.\u00a0&hellip;  <a href=\"https:\/\/agora.xtec.cat\/ceip-jrj\/general\/ponts-entre-generacions\/\" title=\"Read Ponts entre Generacions\">Llegeix m\u00e9s\u00bb<\/a><\/p>\n","protected":false},"author":9,"featured_media":7577,"comment_status":"closed","ping_status":"closed","sticky":false,"template":"","format":"standard","meta":{"_bbp_topic_count":0,"_bbp_reply_count":0,"_bbp_total_topic_count":0,"_bbp_total_reply_count":0,"_bbp_voice_count":0,"_bbp_anonymous_reply_count":0,"_bbp_topic_count_hidden":0,"_bbp_reply_count_hidden":0,"_bbp_forum_subforum_count":0,"footnotes":""},"categories":[12,1,4,5],"tags":[],"class_list":["post-7573","post","type-post","status-publish","format-standard","has-post-thumbnail","hentry","category-3r","category-general","category-portada","category-primaria"],"post_mailing_queue_ids":[],"_links":{"self":[{"href":"https:\/\/agora.xtec.cat\/ceip-jrj\/wp-json\/wp\/v2\/posts\/7573","targetHints":{"allow":["GET"]}}],"collection":[{"href":"https:\/\/agora.xtec.cat\/ceip-jrj\/wp-json\/wp\/v2\/posts"}],"about":[{"href":"https:\/\/agora.xtec.cat\/ceip-jrj\/wp-json\/wp\/v2\/types\/post"}],"author":[{"embeddable":true,"href":"https:\/\/agora.xtec.cat\/ceip-jrj\/wp-json\/wp\/v2\/users\/9"}],"replies":[{"embeddable":true,"href":"https:\/\/agora.xtec.cat\/ceip-jrj\/wp-json\/wp\/v2\/comments?post=7573"}],"version-history":[{"count":2,"href":"https:\/\/agora.xtec.cat\/ceip-jrj\/wp-json\/wp\/v2\/posts\/7573\/revisions"}],"predecessor-version":[{"id":7578,"href":"https:\/\/agora.xtec.cat\/ceip-jrj\/wp-json\/wp\/v2\/posts\/7573\/revisions\/7578"}],"wp:featuredmedia":[{"embeddable":true,"href":"https:\/\/agora.xtec.cat\/ceip-jrj\/wp-json\/wp\/v2\/media\/7577"}],"wp:attachment":[{"href":"https:\/\/agora.xtec.cat\/ceip-jrj\/wp-json\/wp\/v2\/media?parent=7573"}],"wp:term":[{"taxonomy":"category","embeddable":true,"href":"https:\/\/agora.xtec.cat\/ceip-jrj\/wp-json\/wp\/v2\/categories?post=7573"},{"taxonomy":"post_tag","embeddable":true,"href":"https:\/\/agora.xtec.cat\/ceip-jrj\/wp-json\/wp\/v2\/tags?post=7573"}],"curies":[{"name":"wp","href":"https:\/\/api.w.org\/{rel}","templated":true}]}}