{"id":7557,"date":"2025-05-13T15:43:56","date_gmt":"2025-05-13T13:43:56","guid":{"rendered":"https:\/\/agora.xtec.cat\/ceip-jrj\/?p=7557"},"modified":"2025-05-13T15:43:56","modified_gmt":"2025-05-13T13:43:56","slug":"colonies-a-can-miquelo-una-aventura-per-lunivers","status":"publish","type":"post","link":"https:\/\/agora.xtec.cat\/ceip-jrj\/general\/colonies-a-can-miquelo-una-aventura-per-lunivers\/","title":{"rendered":"Col\u00f2nies a Can Miquel\u00f3: una aventura per l&#8217;univers"},"content":{"rendered":"<p class=\"\" data-start=\"126\" data-end=\"292\"><img loading=\"lazy\" decoding=\"async\" class=\"wp-image-7554 alignleft\" src=\"https:\/\/agora.xtec.cat\/ceip-jrj\/wp-content\/uploads\/usu280\/2025\/05\/web-5.png\" alt=\"\" width=\"287\" height=\"203\" srcset=\"https:\/\/agora.xtec.cat\/ceip-jrj\/wp-content\/uploads\/usu280\/2025\/05\/web-5.png 2000w, https:\/\/agora.xtec.cat\/ceip-jrj\/wp-content\/uploads\/usu280\/2025\/05\/web-5-300x212.png 300w, https:\/\/agora.xtec.cat\/ceip-jrj\/wp-content\/uploads\/usu280\/2025\/05\/web-5-1024x724.png 1024w, https:\/\/agora.xtec.cat\/ceip-jrj\/wp-content\/uploads\/usu280\/2025\/05\/web-5-768x543.png 768w, https:\/\/agora.xtec.cat\/ceip-jrj\/wp-content\/uploads\/usu280\/2025\/05\/web-5-1536x1086.png 1536w\" sizes=\"auto, (max-width: 287px) 100vw, 287px\" \/>Els infants d\u2019I5 han viscut una experi\u00e8ncia inoblidable durant les col\u00f2nies a Can Miquel\u00f3. Han estat dos dies plens d\u2019aprenentatges, jocs, conviv\u00e8ncia i molta emoci\u00f3.<\/p>\n<p class=\"\" data-start=\"294\" data-end=\"535\">El tema central de les activitats ha estat l\u2019univers. A trav\u00e9s de tallers i din\u00e0miques divertides, han descobert els planetes, les estrelles i altres misteris de l\u2019espai. Un viatge fascinant que ha despertat la seva curiositat i creativitat.<\/p>\n<p class=\"\" data-start=\"537\" data-end=\"709\">A m\u00e9s, les col\u00f2nies han estat una gran oportunitat per cr\u00e9ixer en autonomia, refor\u00e7ar vincles amb els companys i fomentar valors com el respecte, la cooperaci\u00f3 i l\u2019amistat.<\/p>\n<p class=\"\" data-start=\"711\" data-end=\"812\">Una experi\u00e8ncia enriquidora que quedar\u00e0 per sempre a la mem\u00f2ria dels nostres petits exploradors!<\/p>\n<p>&nbsp;<\/p>\n<h6 style=\"text-align: center;\"><b>Per veure les fotografies, feu clic a la pestanya FOTOS (imatge de la c\u00e0mera).<\/b><\/h6>\n<h6 style=\"text-align: center;\"><b>Recordeu que, per garantir la protecci\u00f3 de dades dels menors, haureu d\u2019introduir el codi d\u2019acc\u00e9s proporcionat.<\/b><\/h6>\n","protected":false},"excerpt":{"rendered":"<p>Els infants d\u2019I5 han viscut unes col\u00f2nies inoblidables a Can Miquel\u00f3, explorant l\u2019univers i enfortint vincles entre companys.&hellip;  <a href=\"https:\/\/agora.xtec.cat\/ceip-jrj\/general\/colonies-a-can-miquelo-una-aventura-per-lunivers\/\" title=\"Read Col\u00f2nies a Can Miquel\u00f3: una aventura per l&#8217;univers\">Llegeix m\u00e9s\u00bb<\/a><\/p>\n","protected":false},"author":1,"featured_media":7553,"comment_status":"closed","ping_status":"closed","sticky":false,"template":"","format":"standard","meta":{"_bbp_topic_count":0,"_bbp_reply_count":0,"_bbp_total_topic_count":0,"_bbp_total_reply_count":0,"_bbp_voice_count":0,"_bbp_anonymous_reply_count":0,"_bbp_topic_count_hidden":0,"_bbp_reply_count_hidden":0,"_bbp_forum_subforum_count":0,"footnotes":""},"categories":[1,2,9,4],"tags":[],"class_list":["post-7557","post","type-post","status-publish","format-standard","has-post-thumbnail","hentry","category-general","category-infantil","category-p5","category-portada"],"post_mailing_queue_ids":[],"_links":{"self":[{"href":"https:\/\/agora.xtec.cat\/ceip-jrj\/wp-json\/wp\/v2\/posts\/7557","targetHints":{"allow":["GET"]}}],"collection":[{"href":"https:\/\/agora.xtec.cat\/ceip-jrj\/wp-json\/wp\/v2\/posts"}],"about":[{"href":"https:\/\/agora.xtec.cat\/ceip-jrj\/wp-json\/wp\/v2\/types\/post"}],"author":[{"embeddable":true,"href":"https:\/\/agora.xtec.cat\/ceip-jrj\/wp-json\/wp\/v2\/users\/1"}],"replies":[{"embeddable":true,"href":"https:\/\/agora.xtec.cat\/ceip-jrj\/wp-json\/wp\/v2\/comments?post=7557"}],"version-history":[{"count":1,"href":"https:\/\/agora.xtec.cat\/ceip-jrj\/wp-json\/wp\/v2\/posts\/7557\/revisions"}],"predecessor-version":[{"id":7558,"href":"https:\/\/agora.xtec.cat\/ceip-jrj\/wp-json\/wp\/v2\/posts\/7557\/revisions\/7558"}],"wp:featuredmedia":[{"embeddable":true,"href":"https:\/\/agora.xtec.cat\/ceip-jrj\/wp-json\/wp\/v2\/media\/7553"}],"wp:attachment":[{"href":"https:\/\/agora.xtec.cat\/ceip-jrj\/wp-json\/wp\/v2\/media?parent=7557"}],"wp:term":[{"taxonomy":"category","embeddable":true,"href":"https:\/\/agora.xtec.cat\/ceip-jrj\/wp-json\/wp\/v2\/categories?post=7557"},{"taxonomy":"post_tag","embeddable":true,"href":"https:\/\/agora.xtec.cat\/ceip-jrj\/wp-json\/wp\/v2\/tags?post=7557"}],"curies":[{"name":"wp","href":"https:\/\/api.w.org\/{rel}","templated":true}]}}