{"id":7525,"date":"2025-04-29T19:55:53","date_gmt":"2025-04-29T17:55:53","guid":{"rendered":"https:\/\/agora.xtec.cat\/ceip-jrj\/?p=7525"},"modified":"2025-05-08T04:58:36","modified_gmt":"2025-05-08T02:58:36","slug":"exit-de-participacio-en-la-campanya-de-donacio-de-sang-a-lescola","status":"publish","type":"post","link":"https:\/\/agora.xtec.cat\/ceip-jrj\/general\/exit-de-participacio-en-la-campanya-de-donacio-de-sang-a-lescola\/","title":{"rendered":"\u00c8xit de participaci\u00f3 en la campanya de donaci\u00f3 de sang a l\u2019escola"},"content":{"rendered":"<p class=\"\" data-start=\"143\" data-end=\"489\"><img loading=\"lazy\" decoding=\"async\" class=\"wp-image-7526 alignleft\" src=\"https:\/\/agora.xtec.cat\/ceip-jrj\/wp-content\/uploads\/usu280\/2025\/04\/PHOTO-2025-04-24-16-32-18.jpg\" alt=\"\" width=\"520\" height=\"390\" srcset=\"https:\/\/agora.xtec.cat\/ceip-jrj\/wp-content\/uploads\/usu280\/2025\/04\/PHOTO-2025-04-24-16-32-18.jpg 2000w, https:\/\/agora.xtec.cat\/ceip-jrj\/wp-content\/uploads\/usu280\/2025\/04\/PHOTO-2025-04-24-16-32-18-300x225.jpg 300w, https:\/\/agora.xtec.cat\/ceip-jrj\/wp-content\/uploads\/usu280\/2025\/04\/PHOTO-2025-04-24-16-32-18-1024x768.jpg 1024w, https:\/\/agora.xtec.cat\/ceip-jrj\/wp-content\/uploads\/usu280\/2025\/04\/PHOTO-2025-04-24-16-32-18-768x576.jpg 768w, https:\/\/agora.xtec.cat\/ceip-jrj\/wp-content\/uploads\/usu280\/2025\/04\/PHOTO-2025-04-24-16-32-18-1536x1152.jpg 1536w, https:\/\/agora.xtec.cat\/ceip-jrj\/wp-content\/uploads\/usu280\/2025\/04\/PHOTO-2025-04-24-16-32-18-200x150.jpg 200w\" sizes=\"auto, (max-width: 520px) 100vw, 520px\" \/>Aquest mat\u00ed s\u2019ha dut a terme a la nostra escola la <strong data-start=\"194\" data-end=\"225\">campanya de donaci\u00f3 de sang<\/strong>, una iniciativa solid\u00e0ria organitzada amb la col\u00b7laboraci\u00f3 del <em data-start=\"289\" data-end=\"313\">Banc de Sang i Teixits<\/em>. L\u2019objectiu d\u2019aquesta jornada ha estat conscienciar sobre la import\u00e0ncia de donar sang per salvar vides i fomentar els valors de la solidaritat entre l\u2019alumnat i les fam\u00edlies.<\/p>\n<p class=\"\" data-start=\"491\" data-end=\"934\">Durant la jornada, diversos membres de la comunitat educativa \u2014mares, pares, familiars i ve\u00efnat\u2014 s\u2019han acostat al punt de donaci\u00f3 instal\u00b7lat a l\u2019escola per aportar el seu granet de sorra. El resultat ha estat molt positiu: <strong data-start=\"714\" data-end=\"759\">36 persones han pogut fer donaci\u00f3 de sang<\/strong> i, a m\u00e9s, <strong data-start=\"770\" data-end=\"834\">10 oferiments no han pogut donar per motius m\u00e8dics<\/strong>. A totes elles, donants i oferents, els volem agrair de tot cor la seva voluntat de col\u00b7laborar. \ud83d\udc96<\/p>\n<p class=\"\" data-start=\"936\" data-end=\"1128\">Paral\u00b7lelament, els alumnes han participat en activitats informatives i de sensibilitzaci\u00f3 adaptades a les seves edats, on han pogut con\u00e8ixer el proc\u00e9s de donaci\u00f3 i els beneficis que comporta.<\/p>\n<p class=\"\" data-start=\"1130\" data-end=\"1391\">A m\u00e9s, <strong data-start=\"1137\" data-end=\"1156\">R\u00e0dio Martorell<\/strong> ha cobert l\u2019esdeveniment i ha entrevistat membres del centre educatiu per parlar sobre aquesta iniciativa tan especial. Podeu <strong data-start=\"1283\" data-end=\"1308\">escoltar l\u2019entrevista<\/strong> i <strong data-start=\"1311\" data-end=\"1341\">llegir la not\u00edcia completa<\/strong> en el seg\u00fcent <a href=\"https:\/\/martorelldigital.cat\/lescola-juan-ramon-jimenez-i-el-banc-de-sang-fan-una-capta-el-proper-29-dabril\/\">enlla\u00e7 <\/a>\ud83d\udd17<\/p>\n<p class=\"\" data-start=\"1393\" data-end=\"1591\">Des de l\u2019escola volem agrair profundament la participaci\u00f3 de totes les persones que han fet possible aquesta jornada. Accions com aquesta ens recorden que, amb petits gestos, podem fer grans canvis.<\/p>\n<p class=\"\" data-start=\"1593\" data-end=\"1623\"><strong data-start=\"1593\" data-end=\"1620\">Gr\u00e0cies per donar vida!<\/strong> \ud83e\ude78<\/p>\n","protected":false},"excerpt":{"rendered":"<p>Avui a l\u2019escola s\u2019han recollit 36 donacions de sang i 10 oferiments m\u00e9s en una jornada solid\u00e0ria; en podeu saber m\u00e9s a Martorell Digital.&hellip;  <a href=\"https:\/\/agora.xtec.cat\/ceip-jrj\/general\/exit-de-participacio-en-la-campanya-de-donacio-de-sang-a-lescola\/\" title=\"Read \u00c8xit de participaci\u00f3 en la campanya de donaci\u00f3 de sang a l\u2019escola\">Llegeix m\u00e9s\u00bb<\/a><\/p>\n","protected":false},"author":1,"featured_media":7527,"comment_status":"closed","ping_status":"closed","sticky":false,"template":"","format":"standard","meta":{"_bbp_topic_count":0,"_bbp_reply_count":0,"_bbp_total_topic_count":0,"_bbp_total_reply_count":0,"_bbp_voice_count":0,"_bbp_anonymous_reply_count":0,"_bbp_topic_count_hidden":0,"_bbp_reply_count_hidden":0,"_bbp_forum_subforum_count":0,"footnotes":""},"categories":[14,1,4,5],"tags":[],"class_list":["post-7525","post","type-post","status-publish","format-standard","has-post-thumbnail","hentry","category-5e","category-general","category-portada","category-primaria"],"post_mailing_queue_ids":[],"_links":{"self":[{"href":"https:\/\/agora.xtec.cat\/ceip-jrj\/wp-json\/wp\/v2\/posts\/7525","targetHints":{"allow":["GET"]}}],"collection":[{"href":"https:\/\/agora.xtec.cat\/ceip-jrj\/wp-json\/wp\/v2\/posts"}],"about":[{"href":"https:\/\/agora.xtec.cat\/ceip-jrj\/wp-json\/wp\/v2\/types\/post"}],"author":[{"embeddable":true,"href":"https:\/\/agora.xtec.cat\/ceip-jrj\/wp-json\/wp\/v2\/users\/1"}],"replies":[{"embeddable":true,"href":"https:\/\/agora.xtec.cat\/ceip-jrj\/wp-json\/wp\/v2\/comments?post=7525"}],"version-history":[{"count":1,"href":"https:\/\/agora.xtec.cat\/ceip-jrj\/wp-json\/wp\/v2\/posts\/7525\/revisions"}],"predecessor-version":[{"id":7528,"href":"https:\/\/agora.xtec.cat\/ceip-jrj\/wp-json\/wp\/v2\/posts\/7525\/revisions\/7528"}],"wp:featuredmedia":[{"embeddable":true,"href":"https:\/\/agora.xtec.cat\/ceip-jrj\/wp-json\/wp\/v2\/media\/7527"}],"wp:attachment":[{"href":"https:\/\/agora.xtec.cat\/ceip-jrj\/wp-json\/wp\/v2\/media?parent=7525"}],"wp:term":[{"taxonomy":"category","embeddable":true,"href":"https:\/\/agora.xtec.cat\/ceip-jrj\/wp-json\/wp\/v2\/categories?post=7525"},{"taxonomy":"post_tag","embeddable":true,"href":"https:\/\/agora.xtec.cat\/ceip-jrj\/wp-json\/wp\/v2\/tags?post=7525"}],"curies":[{"name":"wp","href":"https:\/\/api.w.org\/{rel}","templated":true}]}}