{"id":7511,"date":"2025-04-20T11:14:26","date_gmt":"2025-04-20T09:14:26","guid":{"rendered":"https:\/\/agora.xtec.cat\/ceip-jrj\/?p=7511"},"modified":"2025-06-18T17:54:53","modified_gmt":"2025-06-18T15:54:53","slug":"preinscripcio-2025-2026","status":"publish","type":"post","link":"https:\/\/agora.xtec.cat\/ceip-jrj\/portada\/preinscripcio-2025-2026\/","title":{"rendered":"Preinscripci\u00f3 2025-2026"},"content":{"rendered":"<p><strong>S&#8217;inicia el proc\u00e9s de preinscripci\u00f3 escolar a Educaci\u00f3 infantil (3-6 anys), educaci\u00f3 prim\u00e0ria i educaci\u00f3 secund\u00e0ria obligat\u00f2ria.<\/strong><\/p>\n<p>Les dates de presentaci\u00f3 de sol\u00b7licituds per a l&#8217;escola s\u00f3n del <strong>12 al 26 de mar\u00e7.<\/strong><\/p>\n<h5><strong><span style=\"color: #000000;\">CODI DEL CENTRE: 08020607<\/span><\/strong><\/h5>\n<p>Si vols m\u00e9s informaci\u00f3, pots consultar tota la informaci\u00f3 oficial <a href=\"https:\/\/preinscripcio.gencat.cat\/ca\/inici\/\"><strong>aqu\u00ed<\/strong><\/a>.<\/p>\n<p>Pots consultar el <strong><a href=\"https:\/\/drive.google.com\/file\/d\/1JGI7XTUn32fRip8-E6i-4B92yGiT6mQv\/view\">barem provisional<\/a> <\/strong>(publicat 24\/04\/2025)<\/p>\n<p><strong>N\u00famero desempat<\/strong> (publicat 08\/05\/2025): <strong>76.261<\/strong><\/p>\n<p>Pots consultar el<a href=\"https:\/\/drive.google.com\/file\/d\/1Me_6QvzRUAgrOBFRY9K3eay58Fsh5W64\/view\"> <strong>barem definitiu<\/strong> <\/a>(publicat 09\/05\/2025)<\/p>\n<p>Consulta l&#8217;<a href=\"https:\/\/drive.google.com\/file\/d\/1kGPQWwsrt9F7bGWzAuK3DsiQIA17z00W\/view?usp=sharing\"><strong>oferta definitiva de places<\/strong><\/a> (publicat 16\/06\/2025)<\/p>\n<p>Pots consultar les <a href=\"https:\/\/drive.google.com\/file\/d\/1VzRz2AdvodP6OVfw-XYwEUDBNcummuWT\/view?usp=sharing\">places assignades<\/a> (publicat 16\/06\/2025)<\/p>\n<p><img loading=\"lazy\" decoding=\"async\" class=\"wp-image-7331 aligncenter\" src=\"https:\/\/agora.xtec.cat\/ceip-jrj\/wp-content\/uploads\/usu280\/2025\/02\/image.png\" alt=\"\" width=\"547\" height=\"303\" \/><\/p>\n<p><img loading=\"lazy\" decoding=\"async\" class=\"wp-image-7413 aligncenter\" src=\"https:\/\/agora.xtec.cat\/ceip-jrj\/wp-content\/uploads\/usu280\/2025\/03\/Oferta-places.png\" alt=\"\" width=\"560\" height=\"371\" srcset=\"https:\/\/agora.xtec.cat\/ceip-jrj\/wp-content\/uploads\/usu280\/2025\/03\/Oferta-places.png 695w, https:\/\/agora.xtec.cat\/ceip-jrj\/wp-content\/uploads\/usu280\/2025\/03\/Oferta-places-300x199.png 300w\" sizes=\"auto, (max-width: 560px) 100vw, 560px\" \/><\/p>\n<p>Vols veure una petita mostra del que viuen els nostres alumnes cada dia? <a href=\"https:\/\/drive.google.com\/file\/d\/1hADXgKCFgewcJh8J3KlpSg7PWqxrhBjh\/view?usp=drivesdk\">Clica aqu\u00ed<\/a><\/p>\n<p>&nbsp;<\/p>\n","protected":false},"excerpt":{"rendered":"<p>S&#8217;inicia el proc\u00e9s de preinscripci\u00f3 escolar a Educaci\u00f3 infantil (3-6 anys), educaci\u00f3 prim\u00e0ria i educaci\u00f3 secund\u00e0ria obligat\u00f2ria.&hellip;  <a href=\"https:\/\/agora.xtec.cat\/ceip-jrj\/portada\/preinscripcio-2025-2026\/\" title=\"Read Preinscripci\u00f3 2025-2026\">Llegeix m\u00e9s\u00bb<\/a><\/p>\n","protected":false},"author":9,"featured_media":7331,"comment_status":"closed","ping_status":"closed","sticky":false,"template":"","format":"standard","meta":{"_bbp_topic_count":0,"_bbp_reply_count":0,"_bbp_total_topic_count":0,"_bbp_total_reply_count":0,"_bbp_voice_count":0,"_bbp_anonymous_reply_count":0,"_bbp_topic_count_hidden":0,"_bbp_reply_count_hidden":0,"_bbp_forum_subforum_count":0,"footnotes":""},"categories":[4],"tags":[],"class_list":["post-7511","post","type-post","status-publish","format-standard","has-post-thumbnail","hentry","category-portada"],"post_mailing_queue_ids":[],"_links":{"self":[{"href":"https:\/\/agora.xtec.cat\/ceip-jrj\/wp-json\/wp\/v2\/posts\/7511","targetHints":{"allow":["GET"]}}],"collection":[{"href":"https:\/\/agora.xtec.cat\/ceip-jrj\/wp-json\/wp\/v2\/posts"}],"about":[{"href":"https:\/\/agora.xtec.cat\/ceip-jrj\/wp-json\/wp\/v2\/types\/post"}],"author":[{"embeddable":true,"href":"https:\/\/agora.xtec.cat\/ceip-jrj\/wp-json\/wp\/v2\/users\/9"}],"replies":[{"embeddable":true,"href":"https:\/\/agora.xtec.cat\/ceip-jrj\/wp-json\/wp\/v2\/comments?post=7511"}],"version-history":[{"count":6,"href":"https:\/\/agora.xtec.cat\/ceip-jrj\/wp-json\/wp\/v2\/posts\/7511\/revisions"}],"predecessor-version":[{"id":7668,"href":"https:\/\/agora.xtec.cat\/ceip-jrj\/wp-json\/wp\/v2\/posts\/7511\/revisions\/7668"}],"wp:featuredmedia":[{"embeddable":true,"href":"https:\/\/agora.xtec.cat\/ceip-jrj\/wp-json\/wp\/v2\/media\/7331"}],"wp:attachment":[{"href":"https:\/\/agora.xtec.cat\/ceip-jrj\/wp-json\/wp\/v2\/media?parent=7511"}],"wp:term":[{"taxonomy":"category","embeddable":true,"href":"https:\/\/agora.xtec.cat\/ceip-jrj\/wp-json\/wp\/v2\/categories?post=7511"},{"taxonomy":"post_tag","embeddable":true,"href":"https:\/\/agora.xtec.cat\/ceip-jrj\/wp-json\/wp\/v2\/tags?post=7511"}],"curies":[{"name":"wp","href":"https:\/\/api.w.org\/{rel}","templated":true}]}}