{"id":7499,"date":"2025-04-07T20:21:44","date_gmt":"2025-04-07T18:21:44","guid":{"rendered":"https:\/\/agora.xtec.cat\/ceip-jrj\/?p=7499"},"modified":"2025-04-07T20:21:44","modified_gmt":"2025-04-07T18:21:44","slug":"victoria-al-torneig-johan-cruyff","status":"publish","type":"post","link":"https:\/\/agora.xtec.cat\/ceip-jrj\/general\/victoria-al-torneig-johan-cruyff\/","title":{"rendered":"Vict\u00f2ria al Torneig Johan Cruyff!"},"content":{"rendered":"<p class=\"\" data-start=\"49\" data-end=\"202\"><img loading=\"lazy\" decoding=\"async\" class=\"wp-image-7501 alignleft\" src=\"https:\/\/agora.xtec.cat\/ceip-jrj\/wp-content\/uploads\/usu280\/2025\/04\/web-2-1.png\" alt=\"\" width=\"470\" height=\"332\" srcset=\"https:\/\/agora.xtec.cat\/ceip-jrj\/wp-content\/uploads\/usu280\/2025\/04\/web-2-1.png 2000w, https:\/\/agora.xtec.cat\/ceip-jrj\/wp-content\/uploads\/usu280\/2025\/04\/web-2-1-300x212.png 300w, https:\/\/agora.xtec.cat\/ceip-jrj\/wp-content\/uploads\/usu280\/2025\/04\/web-2-1-1024x724.png 1024w, https:\/\/agora.xtec.cat\/ceip-jrj\/wp-content\/uploads\/usu280\/2025\/04\/web-2-1-768x543.png 768w, https:\/\/agora.xtec.cat\/ceip-jrj\/wp-content\/uploads\/usu280\/2025\/04\/web-2-1-1536x1086.png 1536w\" sizes=\"auto, (max-width: 470px) 100vw, 470px\" \/>El passat diumenge 6 d\u2019abril, Martorell va acollir una nova edici\u00f3 del Torneig Johan Cruyff, una jornada plena de futbol, companyonia i valors esportius.<\/p>\n<p class=\"\" data-start=\"204\" data-end=\"408\">Tenim l\u2019orgull de comunicar que els alumnes de l\u2019escola Juan Ram\u00f3n Jim\u00e9nez s\u2019han proclamat campions en la categoria masculina, demostrant un gran nivell de joc, treball en equip i esperit de superaci\u00f3.<\/p>\n<p class=\"\" data-start=\"410\" data-end=\"607\">Volem felicitar-los per aquest \u00e8xit i agrair tamb\u00e9 la dedicaci\u00f3 dels entrenadors, el suport incondicional de les fam\u00edlies i l\u2019alegria de totes les persones que vau acompanyar-los durant el torneig.<\/p>\n<p class=\"\" data-start=\"609\" data-end=\"740\"><strong data-start=\"612\" data-end=\"628\">Pr\u00f2xim repte<\/strong>:<br data-start=\"629\" data-end=\"632\" \/>El 10 de maig, els nostres campions s\u2019enfrontaran a Total Catalunya en un partit que promet emocions fortes.<\/p>\n<p class=\"\" data-start=\"742\" data-end=\"840\">Continuem sumant experi\u00e8ncies i fent cr\u00e9ixer el talent dels nostres joves. Enhorabona, equip!<\/p>\n<h6 style=\"text-align: center;\"><b>Per veure les fotografies, feu clic a la pestanya FOTOS (imatge de la c\u00e0mera).<\/b><\/h6>\n<h6 style=\"text-align: center;\"><b>Recordeu que, per garantir la protecci\u00f3 de dades dels menors, haureu d\u2019introduir el codi d\u2019acc\u00e9s proporcionat.<\/b><\/h6>\n","protected":false},"excerpt":{"rendered":"<p>L\u2019equip de l\u2019escola Juan Ram\u00f3n Jim\u00e9nez guanya el Torneig Johan Cruyff i es prepara per al pr\u00f2xim repte del 10 de maig.&hellip;  <a href=\"https:\/\/agora.xtec.cat\/ceip-jrj\/general\/victoria-al-torneig-johan-cruyff\/\" title=\"Read Vict\u00f2ria al Torneig Johan Cruyff!\">Llegeix m\u00e9s\u00bb<\/a><\/p>\n","protected":false},"author":1,"featured_media":7500,"comment_status":"closed","ping_status":"closed","sticky":false,"template":"","format":"standard","meta":{"_bbp_topic_count":0,"_bbp_reply_count":0,"_bbp_total_topic_count":0,"_bbp_total_reply_count":0,"_bbp_voice_count":0,"_bbp_anonymous_reply_count":0,"_bbp_topic_count_hidden":0,"_bbp_reply_count_hidden":0,"_bbp_forum_subforum_count":0,"footnotes":""},"categories":[15,1,4,5],"tags":[],"class_list":["post-7499","post","type-post","status-publish","format-standard","has-post-thumbnail","hentry","category-6e","category-general","category-portada","category-primaria"],"post_mailing_queue_ids":[],"_links":{"self":[{"href":"https:\/\/agora.xtec.cat\/ceip-jrj\/wp-json\/wp\/v2\/posts\/7499","targetHints":{"allow":["GET"]}}],"collection":[{"href":"https:\/\/agora.xtec.cat\/ceip-jrj\/wp-json\/wp\/v2\/posts"}],"about":[{"href":"https:\/\/agora.xtec.cat\/ceip-jrj\/wp-json\/wp\/v2\/types\/post"}],"author":[{"embeddable":true,"href":"https:\/\/agora.xtec.cat\/ceip-jrj\/wp-json\/wp\/v2\/users\/1"}],"replies":[{"embeddable":true,"href":"https:\/\/agora.xtec.cat\/ceip-jrj\/wp-json\/wp\/v2\/comments?post=7499"}],"version-history":[{"count":2,"href":"https:\/\/agora.xtec.cat\/ceip-jrj\/wp-json\/wp\/v2\/posts\/7499\/revisions"}],"predecessor-version":[{"id":7503,"href":"https:\/\/agora.xtec.cat\/ceip-jrj\/wp-json\/wp\/v2\/posts\/7499\/revisions\/7503"}],"wp:featuredmedia":[{"embeddable":true,"href":"https:\/\/agora.xtec.cat\/ceip-jrj\/wp-json\/wp\/v2\/media\/7500"}],"wp:attachment":[{"href":"https:\/\/agora.xtec.cat\/ceip-jrj\/wp-json\/wp\/v2\/media?parent=7499"}],"wp:term":[{"taxonomy":"category","embeddable":true,"href":"https:\/\/agora.xtec.cat\/ceip-jrj\/wp-json\/wp\/v2\/categories?post=7499"},{"taxonomy":"post_tag","embeddable":true,"href":"https:\/\/agora.xtec.cat\/ceip-jrj\/wp-json\/wp\/v2\/tags?post=7499"}],"curies":[{"name":"wp","href":"https:\/\/api.w.org\/{rel}","templated":true}]}}