{"id":7494,"date":"2025-04-07T20:04:50","date_gmt":"2025-04-07T18:04:50","guid":{"rendered":"https:\/\/agora.xtec.cat\/ceip-jrj\/?p=7494"},"modified":"2025-04-07T20:04:50","modified_gmt":"2025-04-07T18:04:50","slug":"a-2n-aprenem-a-circular-amb-seguretat","status":"publish","type":"post","link":"https:\/\/agora.xtec.cat\/ceip-jrj\/general\/a-2n-aprenem-a-circular-amb-seguretat\/","title":{"rendered":"A 2n aprenem a circular amb seguretat!"},"content":{"rendered":"<p style=\"text-align: justify;\"><img loading=\"lazy\" decoding=\"async\" class=\"wp-image-7496 alignleft\" src=\"https:\/\/agora.xtec.cat\/ceip-jrj\/wp-content\/uploads\/usu280\/2025\/04\/web.png\" alt=\"\" width=\"309\" height=\"218\" srcset=\"https:\/\/agora.xtec.cat\/ceip-jrj\/wp-content\/uploads\/usu280\/2025\/04\/web.png 2000w, https:\/\/agora.xtec.cat\/ceip-jrj\/wp-content\/uploads\/usu280\/2025\/04\/web-300x212.png 300w, https:\/\/agora.xtec.cat\/ceip-jrj\/wp-content\/uploads\/usu280\/2025\/04\/web-1024x724.png 1024w, https:\/\/agora.xtec.cat\/ceip-jrj\/wp-content\/uploads\/usu280\/2025\/04\/web-768x543.png 768w, https:\/\/agora.xtec.cat\/ceip-jrj\/wp-content\/uploads\/usu280\/2025\/04\/web-1536x1086.png 1536w\" sizes=\"auto, (max-width: 309px) 100vw, 309px\" \/>El nostre alumnat de 2n han tingut l\u2019oportunitat de posar en pr\u00e0ctica els coneixements sobre mobilitat segura amb l\u2019ajuda de la <strong>Policia Local de Martorell<\/strong>. Ha estat una experi\u00e8ncia molt enriquidora on han apr\u00e8s a moure\u2019s amb seguretat pels carrers de la ciutat.<\/p>\n<p style=\"text-align: justify;\">Durant la sortida, han identificat senyals de tr\u00e0nsit, han apr\u00e8s a interpretar-les correctament i han experimentat com es regula la circulaci\u00f3 en diferents situacions. Tamb\u00e9 han apr\u00e8s a ser vianants responsables i a respectar les normes per garantir la seguretat de tothom.<\/p>\n<p style=\"text-align: justify;\">Per\u00f2, sens dubte, un dels moments m\u00e9s curiosos de la jornada ha estat la trobada amb un\u00a0<strong>senyor molt especial<\/strong>\u00a0que ens ha fet una pregunta intrigant:\u00a0<strong>Per qu\u00e8 el seu pal d\u2019incid\u00e8ncia t\u00e9 dos colors?<\/strong><\/p>\n<p style=\"text-align: justify;\">Aquest pal, que alguns ja havien vist abans, \u00e9s una eina fonamental per a les persones cegues o amb discapacitat visual. Es tracta d\u2019un\u00a0<strong>bast\u00f3 bicolor (blanc i vermell)<\/strong>\u00a0que indica que la persona que el porta, a m\u00e9s de tenir ceguesa o baixa visi\u00f3, tamb\u00e9 pot tenir\u00a0<strong>discapacitat auditiva<\/strong>. Aix\u00f2 permet que altres persones i conductors estiguin atents i ofereixin l\u2019ajuda necess\u00e0ria si cal.<\/p>\n<p style=\"text-align: justify;\">Aquesta explicaci\u00f3 ens ha fet reflexionar sobre la import\u00e0ncia d\u2019un entorn segur i accessible per a tothom, i sobre com podem contribuir a una mobilitat m\u00e9s inclusiva i respectuosa.<\/p>\n<h6 style=\"text-align: center;\"><b>Per veure les fotografies, feu clic a la pestanya FOTOS (imatge de la c\u00e0mera).<\/b><\/h6>\n<h6 style=\"text-align: center;\"><b>Recordeu que, per garantir la protecci\u00f3 de dades dels menors, haureu d\u2019introduir el codi d\u2019acc\u00e9s proporcionat.<\/b><\/h6>\n","protected":false},"excerpt":{"rendered":"<p>L&#8217;alumnat de 2n ha apr\u00e8s sobre mobilitat segura i inclusiva amb la Policia Local.&hellip;  <a href=\"https:\/\/agora.xtec.cat\/ceip-jrj\/general\/a-2n-aprenem-a-circular-amb-seguretat\/\" title=\"Read A 2n aprenem a circular amb seguretat!\">Llegeix m\u00e9s\u00bb<\/a><\/p>\n","protected":false},"author":1,"featured_media":7495,"comment_status":"closed","ping_status":"closed","sticky":false,"template":"","format":"standard","meta":{"_bbp_topic_count":0,"_bbp_reply_count":0,"_bbp_total_topic_count":0,"_bbp_total_reply_count":0,"_bbp_voice_count":0,"_bbp_anonymous_reply_count":0,"_bbp_topic_count_hidden":0,"_bbp_reply_count_hidden":0,"_bbp_forum_subforum_count":0,"footnotes":""},"categories":[11,1,4,5],"tags":[],"class_list":["post-7494","post","type-post","status-publish","format-standard","has-post-thumbnail","hentry","category-2n","category-general","category-portada","category-primaria"],"post_mailing_queue_ids":[],"_links":{"self":[{"href":"https:\/\/agora.xtec.cat\/ceip-jrj\/wp-json\/wp\/v2\/posts\/7494","targetHints":{"allow":["GET"]}}],"collection":[{"href":"https:\/\/agora.xtec.cat\/ceip-jrj\/wp-json\/wp\/v2\/posts"}],"about":[{"href":"https:\/\/agora.xtec.cat\/ceip-jrj\/wp-json\/wp\/v2\/types\/post"}],"author":[{"embeddable":true,"href":"https:\/\/agora.xtec.cat\/ceip-jrj\/wp-json\/wp\/v2\/users\/1"}],"replies":[{"embeddable":true,"href":"https:\/\/agora.xtec.cat\/ceip-jrj\/wp-json\/wp\/v2\/comments?post=7494"}],"version-history":[{"count":1,"href":"https:\/\/agora.xtec.cat\/ceip-jrj\/wp-json\/wp\/v2\/posts\/7494\/revisions"}],"predecessor-version":[{"id":7497,"href":"https:\/\/agora.xtec.cat\/ceip-jrj\/wp-json\/wp\/v2\/posts\/7494\/revisions\/7497"}],"wp:featuredmedia":[{"embeddable":true,"href":"https:\/\/agora.xtec.cat\/ceip-jrj\/wp-json\/wp\/v2\/media\/7495"}],"wp:attachment":[{"href":"https:\/\/agora.xtec.cat\/ceip-jrj\/wp-json\/wp\/v2\/media?parent=7494"}],"wp:term":[{"taxonomy":"category","embeddable":true,"href":"https:\/\/agora.xtec.cat\/ceip-jrj\/wp-json\/wp\/v2\/categories?post=7494"},{"taxonomy":"post_tag","embeddable":true,"href":"https:\/\/agora.xtec.cat\/ceip-jrj\/wp-json\/wp\/v2\/tags?post=7494"}],"curies":[{"name":"wp","href":"https:\/\/api.w.org\/{rel}","templated":true}]}}