{"id":7487,"date":"2025-04-02T12:56:58","date_gmt":"2025-04-02T10:56:58","guid":{"rendered":"https:\/\/agora.xtec.cat\/ceip-jrj\/?p=7487"},"modified":"2025-04-02T12:56:58","modified_gmt":"2025-04-02T10:56:58","slug":"un-dia-inoblidable-a-la-granja-natura-de-navas","status":"publish","type":"post","link":"https:\/\/agora.xtec.cat\/ceip-jrj\/general\/un-dia-inoblidable-a-la-granja-natura-de-navas\/","title":{"rendered":"Un dia inoblidable a la Granja Natura de Nav\u00e0s!"},"content":{"rendered":"<p style=\"text-align: justify;\"><img loading=\"lazy\" decoding=\"async\" class=\"wp-image-7489 alignleft\" src=\"https:\/\/agora.xtec.cat\/ceip-jrj\/wp-content\/uploads\/usu280\/2025\/04\/web-1.png\" alt=\"\" width=\"252\" height=\"178\" srcset=\"https:\/\/agora.xtec.cat\/ceip-jrj\/wp-content\/uploads\/usu280\/2025\/04\/web-1.png 2000w, https:\/\/agora.xtec.cat\/ceip-jrj\/wp-content\/uploads\/usu280\/2025\/04\/web-1-300x212.png 300w, https:\/\/agora.xtec.cat\/ceip-jrj\/wp-content\/uploads\/usu280\/2025\/04\/web-1-1024x724.png 1024w, https:\/\/agora.xtec.cat\/ceip-jrj\/wp-content\/uploads\/usu280\/2025\/04\/web-1-768x543.png 768w, https:\/\/agora.xtec.cat\/ceip-jrj\/wp-content\/uploads\/usu280\/2025\/04\/web-1-1536x1086.png 1536w\" sizes=\"auto, (max-width: 252px) 100vw, 252px\" \/>L&#8217;alumnat de cicle inicial va viure una experi\u00e8ncia \u00fanica envoltada de natura a la Granja Natura de Nav\u00e0s. Aquesta sortida va ser una oportunitat excepcional per apropar-se al m\u00f3n animal i recordar les caracter\u00edstiques dels animals treballades a medi, en un entorn privilegiat.<\/p>\n<p style=\"text-align: justify;\">Durant la jornada, els nens i nenes van poder observar de ben a prop els animals, con\u00e8ixer-ne els h\u00e0bits i comprendre millor la seva import\u00e0ncia a l&#8217;ecosistema. Amb molta curiositat i entusiasme, van gaudir d\u2019un aprenentatge vivencial que ben segur recordaran durant molt de temps.<\/p>\n<p style=\"text-align: justify;\">A m\u00e9s de l\u2019observaci\u00f3 i l\u2019aprenentatge, l&#8217;excursi\u00f3 va estar plena de moments de diversi\u00f3 i connexi\u00f3 amb la natura. L&#8217;experi\u00e8ncia ha estat tan enriquidora que us animem a gaudir-la tamb\u00e9 en fam\u00edlia!<\/p>\n<p style=\"text-align: justify;\">Ha estat, sens dubte, un dia ple de descobertes i emocions que reforcen el nostre comprom\u00eds amb l\u2019educaci\u00f3 vivencial i el respecte pel medi ambient.<\/p>\n<p>&nbsp;<\/p>\n<h6 style=\"text-align: center;\"><b>Per veure les fotografies, feu clic a la pestanya FOTOS (imatge de la c\u00e0mera).<\/b><\/h6>\n<h6 style=\"text-align: center;\"><b>Recordeu que, per garantir la protecci\u00f3 de dades dels menors, haureu d\u2019introduir el codi d\u2019acc\u00e9s proporcionat.<\/b><\/h6>\n","protected":false},"excerpt":{"rendered":"<p>L&#8217;alumnat de cicle inicial ha gaudit d&#8217;una experi\u00e8ncia \u00fanica envoltada de natura a la Granja Natura de Nav\u00e0s.&hellip;  <a href=\"https:\/\/agora.xtec.cat\/ceip-jrj\/general\/un-dia-inoblidable-a-la-granja-natura-de-navas\/\" title=\"Read Un dia inoblidable a la Granja Natura de Nav\u00e0s!\">Llegeix m\u00e9s\u00bb<\/a><\/p>\n","protected":false},"author":1,"featured_media":7488,"comment_status":"closed","ping_status":"closed","sticky":false,"template":"","format":"standard","meta":{"_bbp_topic_count":0,"_bbp_reply_count":0,"_bbp_total_topic_count":0,"_bbp_total_reply_count":0,"_bbp_voice_count":0,"_bbp_anonymous_reply_count":0,"_bbp_topic_count_hidden":0,"_bbp_reply_count_hidden":0,"_bbp_forum_subforum_count":0,"footnotes":""},"categories":[10,11,1,4,5],"tags":[],"class_list":["post-7487","post","type-post","status-publish","format-standard","has-post-thumbnail","hentry","category-1r","category-2n","category-general","category-portada","category-primaria"],"post_mailing_queue_ids":[],"_links":{"self":[{"href":"https:\/\/agora.xtec.cat\/ceip-jrj\/wp-json\/wp\/v2\/posts\/7487","targetHints":{"allow":["GET"]}}],"collection":[{"href":"https:\/\/agora.xtec.cat\/ceip-jrj\/wp-json\/wp\/v2\/posts"}],"about":[{"href":"https:\/\/agora.xtec.cat\/ceip-jrj\/wp-json\/wp\/v2\/types\/post"}],"author":[{"embeddable":true,"href":"https:\/\/agora.xtec.cat\/ceip-jrj\/wp-json\/wp\/v2\/users\/1"}],"replies":[{"embeddable":true,"href":"https:\/\/agora.xtec.cat\/ceip-jrj\/wp-json\/wp\/v2\/comments?post=7487"}],"version-history":[{"count":2,"href":"https:\/\/agora.xtec.cat\/ceip-jrj\/wp-json\/wp\/v2\/posts\/7487\/revisions"}],"predecessor-version":[{"id":7491,"href":"https:\/\/agora.xtec.cat\/ceip-jrj\/wp-json\/wp\/v2\/posts\/7487\/revisions\/7491"}],"wp:featuredmedia":[{"embeddable":true,"href":"https:\/\/agora.xtec.cat\/ceip-jrj\/wp-json\/wp\/v2\/media\/7488"}],"wp:attachment":[{"href":"https:\/\/agora.xtec.cat\/ceip-jrj\/wp-json\/wp\/v2\/media?parent=7487"}],"wp:term":[{"taxonomy":"category","embeddable":true,"href":"https:\/\/agora.xtec.cat\/ceip-jrj\/wp-json\/wp\/v2\/categories?post=7487"},{"taxonomy":"post_tag","embeddable":true,"href":"https:\/\/agora.xtec.cat\/ceip-jrj\/wp-json\/wp\/v2\/tags?post=7487"}],"curies":[{"name":"wp","href":"https:\/\/api.w.org\/{rel}","templated":true}]}}