{"id":7470,"date":"2025-03-26T16:30:01","date_gmt":"2025-03-26T15:30:01","guid":{"rendered":"https:\/\/agora.xtec.cat\/ceip-jrj\/?p=7470"},"modified":"2025-04-02T12:58:09","modified_gmt":"2025-04-02T10:58:09","slug":"els-reis-catolics-protagonitzen-una-presentacio-a-5e","status":"publish","type":"post","link":"https:\/\/agora.xtec.cat\/ceip-jrj\/general\/els-reis-catolics-protagonitzen-una-presentacio-a-5e\/","title":{"rendered":"Els Reis Cat\u00f2lics protagonitzen una presentaci\u00f3 a 5\u00e8"},"content":{"rendered":"<p style=\"text-align: justify;\" data-pm-slice=\"1 1 []\"><img loading=\"lazy\" decoding=\"async\" class=\"wp-image-7471 alignleft\" src=\"https:\/\/agora.xtec.cat\/ceip-jrj\/wp-content\/uploads\/usu280\/2025\/03\/IMG_8162-scaled.jpg\" alt=\"\" width=\"239\" height=\"179\" srcset=\"https:\/\/agora.xtec.cat\/ceip-jrj\/wp-content\/uploads\/usu280\/2025\/03\/IMG_8162-scaled.jpg 2560w, https:\/\/agora.xtec.cat\/ceip-jrj\/wp-content\/uploads\/usu280\/2025\/03\/IMG_8162-300x225.jpg 300w, https:\/\/agora.xtec.cat\/ceip-jrj\/wp-content\/uploads\/usu280\/2025\/03\/IMG_8162-1024x768.jpg 1024w, https:\/\/agora.xtec.cat\/ceip-jrj\/wp-content\/uploads\/usu280\/2025\/03\/IMG_8162-768x576.jpg 768w, https:\/\/agora.xtec.cat\/ceip-jrj\/wp-content\/uploads\/usu280\/2025\/03\/IMG_8162-1536x1152.jpg 1536w, https:\/\/agora.xtec.cat\/ceip-jrj\/wp-content\/uploads\/usu280\/2025\/03\/IMG_8162-2048x1536.jpg 2048w, https:\/\/agora.xtec.cat\/ceip-jrj\/wp-content\/uploads\/usu280\/2025\/03\/IMG_8162-200x150.jpg 200w\" sizes=\"auto, (max-width: 239px) 100vw, 239px\" \/>Quatre alumnes de 5\u00e8C han fet una presentaci\u00f3 molt especial als seus companys i companyes sobre els Reis Cat\u00f2lics. Aquest tema els ha despertat tant d\u2019inter\u00e8s que han volgut aprofundir-hi i compartir els seus coneixements amb la resta del nivell.<\/p>\n<p style=\"text-align: justify;\">Amb una exposici\u00f3 ben preparada i din\u00e0mica, han explicat qui van ser els Reis Cat\u00f2lics i per qu\u00e8 van ser figures clau en la hist\u00f2ria. Els seus companys han escoltat amb atenci\u00f3 i han participat activament amb preguntes i comentaris.<\/p>\n<p style=\"text-align: justify;\">Ha estat una experi\u00e8ncia enriquidora per a tots, que ha fomentat l\u2019aprenentatge col\u00b7laboratiu i l\u2019intercanvi de coneixements a l\u2019aula.<\/p>\n<p>&nbsp;<\/p>\n<h6 style=\"text-align: center;\"><b>Per veure les fotografies, feu clic a la pestanya FOTOS (imatge de la c\u00e0mera).<\/b><\/h6>\n<h6 style=\"text-align: center;\"><b>Recordeu que, per garantir la protecci\u00f3 de dades dels menors, haureu d\u2019introduir el codi d\u2019acc\u00e9s proporcionat.<\/b><\/h6>\n","protected":false},"excerpt":{"rendered":"<p>Quatre alumnes de 5\u00e8C han presentat als seus companys un treball sobre els Reis Cat\u00f2lics, compartint el seu inter\u00e8s i coneixements.&hellip;  <a href=\"https:\/\/agora.xtec.cat\/ceip-jrj\/general\/els-reis-catolics-protagonitzen-una-presentacio-a-5e\/\" title=\"Read Els Reis Cat\u00f2lics protagonitzen una presentaci\u00f3 a 5\u00e8\">Llegeix m\u00e9s\u00bb<\/a><\/p>\n","protected":false},"author":1,"featured_media":7473,"comment_status":"closed","ping_status":"closed","sticky":false,"template":"","format":"standard","meta":{"_bbp_topic_count":0,"_bbp_reply_count":0,"_bbp_total_topic_count":0,"_bbp_total_reply_count":0,"_bbp_voice_count":0,"_bbp_anonymous_reply_count":0,"_bbp_topic_count_hidden":0,"_bbp_reply_count_hidden":0,"_bbp_forum_subforum_count":0,"footnotes":""},"categories":[14,1,4,5],"tags":[],"class_list":["post-7470","post","type-post","status-publish","format-standard","has-post-thumbnail","hentry","category-5e","category-general","category-portada","category-primaria"],"post_mailing_queue_ids":[],"_links":{"self":[{"href":"https:\/\/agora.xtec.cat\/ceip-jrj\/wp-json\/wp\/v2\/posts\/7470","targetHints":{"allow":["GET"]}}],"collection":[{"href":"https:\/\/agora.xtec.cat\/ceip-jrj\/wp-json\/wp\/v2\/posts"}],"about":[{"href":"https:\/\/agora.xtec.cat\/ceip-jrj\/wp-json\/wp\/v2\/types\/post"}],"author":[{"embeddable":true,"href":"https:\/\/agora.xtec.cat\/ceip-jrj\/wp-json\/wp\/v2\/users\/1"}],"replies":[{"embeddable":true,"href":"https:\/\/agora.xtec.cat\/ceip-jrj\/wp-json\/wp\/v2\/comments?post=7470"}],"version-history":[{"count":3,"href":"https:\/\/agora.xtec.cat\/ceip-jrj\/wp-json\/wp\/v2\/posts\/7470\/revisions"}],"predecessor-version":[{"id":7493,"href":"https:\/\/agora.xtec.cat\/ceip-jrj\/wp-json\/wp\/v2\/posts\/7470\/revisions\/7493"}],"wp:featuredmedia":[{"embeddable":true,"href":"https:\/\/agora.xtec.cat\/ceip-jrj\/wp-json\/wp\/v2\/media\/7473"}],"wp:attachment":[{"href":"https:\/\/agora.xtec.cat\/ceip-jrj\/wp-json\/wp\/v2\/media?parent=7470"}],"wp:term":[{"taxonomy":"category","embeddable":true,"href":"https:\/\/agora.xtec.cat\/ceip-jrj\/wp-json\/wp\/v2\/categories?post=7470"},{"taxonomy":"post_tag","embeddable":true,"href":"https:\/\/agora.xtec.cat\/ceip-jrj\/wp-json\/wp\/v2\/tags?post=7470"}],"curies":[{"name":"wp","href":"https:\/\/api.w.org\/{rel}","templated":true}]}}