{"id":7449,"date":"2025-03-23T12:07:20","date_gmt":"2025-03-23T11:07:20","guid":{"rendered":"https:\/\/agora.xtec.cat\/ceip-jrj\/?p=7449"},"modified":"2025-03-23T12:10:12","modified_gmt":"2025-03-23T11:10:12","slug":"festival-de-danses-de-sant-jordi","status":"publish","type":"post","link":"https:\/\/agora.xtec.cat\/ceip-jrj\/general\/festival-de-danses-de-sant-jordi\/","title":{"rendered":"Festival de Danses de Sant Jordi"},"content":{"rendered":"<p class=\"\" data-start=\"132\" data-end=\"392\">\u00a0<a href=\"https:\/\/agora.xtec.cat\/ceip-jrj\/wp-content\/uploads\/usu280\/2025\/03\/dan-jorge-1295713_640.png\"><img loading=\"lazy\" decoding=\"async\" class=\" wp-image-7454 alignleft\" src=\"https:\/\/agora.xtec.cat\/ceip-jrj\/wp-content\/uploads\/usu280\/2025\/03\/dan-jorge-1295713_640.png\" alt=\"\" width=\"210\" height=\"259\" srcset=\"https:\/\/agora.xtec.cat\/ceip-jrj\/wp-content\/uploads\/usu280\/2025\/03\/dan-jorge-1295713_640.png 520w, https:\/\/agora.xtec.cat\/ceip-jrj\/wp-content\/uploads\/usu280\/2025\/03\/dan-jorge-1295713_640-244x300.png 244w\" sizes=\"auto, (max-width: 210px) 100vw, 210px\" \/><\/a>Ens fa molta il\u00b7lusi\u00f3 compartir amb vosaltres que el nostre Festival de Danses que celebrem per Sant Jordi ja est\u00e0 en marxa!<\/p>\n<p class=\"\" data-start=\"132\" data-end=\"392\">Aquest any, us hem preparat una selecci\u00f3 de can\u00e7ons molt especials per a l\u2019espectacle. Si voleu saber quines s\u00f3n, podeu escoltar-les totes abans del gran dia si cliqueu a l&#8217;enlla\u00e7:<\/p>\n<h4 data-start=\"394\" data-end=\"511\">\ud83d\udc49 <a href=\"https:\/\/eljuanramusical.blogspot.com\/search\/label\/Especial%20Sant%20Jordi%202024-2025\" target=\"_new\" rel=\"noopener\" data-start=\"397\" data-end=\"511\">Escolteu les can\u00e7ons aqu\u00ed<\/a><\/h4>\n<p class=\"\" data-start=\"513\" data-end=\"602\">No us perdeu aquesta gran festa de m\u00fasica i dansa que cada any ens sopr\u00e8n i ens deixa amb ganes de m\u00e9s!<\/p>\n","protected":false},"excerpt":{"rendered":"<p>El nostre Festival de Danses que celebrem per Sant Jordi ja est\u00e0 en marxa!&hellip;  <a href=\"https:\/\/agora.xtec.cat\/ceip-jrj\/general\/festival-de-danses-de-sant-jordi\/\" title=\"Read Festival de Danses de Sant Jordi\">Llegeix m\u00e9s\u00bb<\/a><\/p>\n","protected":false},"author":9,"featured_media":7453,"comment_status":"closed","ping_status":"closed","sticky":false,"template":"","format":"standard","meta":{"_bbp_topic_count":0,"_bbp_reply_count":0,"_bbp_total_topic_count":0,"_bbp_total_reply_count":0,"_bbp_voice_count":0,"_bbp_anonymous_reply_count":0,"_bbp_topic_count_hidden":0,"_bbp_reply_count_hidden":0,"_bbp_forum_subforum_count":0,"footnotes":""},"categories":[1,4],"tags":[],"class_list":["post-7449","post","type-post","status-publish","format-standard","has-post-thumbnail","hentry","category-general","category-portada"],"post_mailing_queue_ids":[],"_links":{"self":[{"href":"https:\/\/agora.xtec.cat\/ceip-jrj\/wp-json\/wp\/v2\/posts\/7449","targetHints":{"allow":["GET"]}}],"collection":[{"href":"https:\/\/agora.xtec.cat\/ceip-jrj\/wp-json\/wp\/v2\/posts"}],"about":[{"href":"https:\/\/agora.xtec.cat\/ceip-jrj\/wp-json\/wp\/v2\/types\/post"}],"author":[{"embeddable":true,"href":"https:\/\/agora.xtec.cat\/ceip-jrj\/wp-json\/wp\/v2\/users\/9"}],"replies":[{"embeddable":true,"href":"https:\/\/agora.xtec.cat\/ceip-jrj\/wp-json\/wp\/v2\/comments?post=7449"}],"version-history":[{"count":4,"href":"https:\/\/agora.xtec.cat\/ceip-jrj\/wp-json\/wp\/v2\/posts\/7449\/revisions"}],"predecessor-version":[{"id":7456,"href":"https:\/\/agora.xtec.cat\/ceip-jrj\/wp-json\/wp\/v2\/posts\/7449\/revisions\/7456"}],"wp:featuredmedia":[{"embeddable":true,"href":"https:\/\/agora.xtec.cat\/ceip-jrj\/wp-json\/wp\/v2\/media\/7453"}],"wp:attachment":[{"href":"https:\/\/agora.xtec.cat\/ceip-jrj\/wp-json\/wp\/v2\/media?parent=7449"}],"wp:term":[{"taxonomy":"category","embeddable":true,"href":"https:\/\/agora.xtec.cat\/ceip-jrj\/wp-json\/wp\/v2\/categories?post=7449"},{"taxonomy":"post_tag","embeddable":true,"href":"https:\/\/agora.xtec.cat\/ceip-jrj\/wp-json\/wp\/v2\/tags?post=7449"}],"curies":[{"name":"wp","href":"https:\/\/api.w.org\/{rel}","templated":true}]}}