{"id":7436,"date":"2025-03-19T13:25:46","date_gmt":"2025-03-19T12:25:46","guid":{"rendered":"https:\/\/agora.xtec.cat\/ceip-jrj\/?p=7436"},"modified":"2025-03-23T12:11:19","modified_gmt":"2025-03-23T11:11:19","slug":"els-infants-di3-i-i4-descobreixen-el-mnactec","status":"publish","type":"post","link":"https:\/\/agora.xtec.cat\/ceip-jrj\/general\/els-infants-di3-i-i4-descobreixen-el-mnactec\/","title":{"rendered":"Els infants d\u2019I3 i I4 descobreixen el MNACTEC"},"content":{"rendered":"<p id=\"m_-1008786579018355715AppleMailSignature\" dir=\"ltr\"><img loading=\"lazy\" decoding=\"async\" class=\"wp-image-7438 alignleft\" src=\"https:\/\/agora.xtec.cat\/ceip-jrj\/wp-content\/uploads\/usu280\/2025\/03\/crit-1.png\" alt=\"\" width=\"263\" height=\"186\" srcset=\"https:\/\/agora.xtec.cat\/ceip-jrj\/wp-content\/uploads\/usu280\/2025\/03\/crit-1.png 2000w, https:\/\/agora.xtec.cat\/ceip-jrj\/wp-content\/uploads\/usu280\/2025\/03\/crit-1-300x212.png 300w, https:\/\/agora.xtec.cat\/ceip-jrj\/wp-content\/uploads\/usu280\/2025\/03\/crit-1-1024x724.png 1024w, https:\/\/agora.xtec.cat\/ceip-jrj\/wp-content\/uploads\/usu280\/2025\/03\/crit-1-768x543.png 768w, https:\/\/agora.xtec.cat\/ceip-jrj\/wp-content\/uploads\/usu280\/2025\/03\/crit-1-1536x1086.png 1536w\" sizes=\"auto, (max-width: 263px) 100vw, 263px\" \/>La setmana passada, els nens i nenes d\u2019I3 i I4 van viure una jornada molt especial al Museu Nacional de la Ci\u00e8ncia i la T\u00e8cnica de Catalunya (MNACTEC), a Terrassa. Va ser una sortida plena d\u2019experi\u00e8ncies enriquidores i moments de diversi\u00f3.<\/p>\n<p id=\"m_-1008786579018355715AppleMailSignature\" dir=\"ltr\">Un dels espais que m\u00e9s van gaudir va ser la sala Explora, on van poder aprendre a trav\u00e9s del joc i la manipulaci\u00f3 de diferents materials. Aquesta activitat els va permetre experimentar, observar i descobrir de manera activa.<\/p>\n<p id=\"m_-1008786579018355715AppleMailSignature\" dir=\"ltr\">A m\u00e9s, van rec\u00f3rrer diverses sales del museu, on van veure exposicions fascinants. Una de les que m\u00e9s els va cridar l\u2019atenci\u00f3 va ser la de vehicles i motos antigues, que els va permetre con\u00e8ixer com eren els mitjans de transport d\u2019altres \u00e8poques. Tamb\u00e9 van visitar una exposici\u00f3 dedicada al cos hum\u00e0, on van aprendre curiositats sobre el funcionament del nostre organisme.<\/p>\n<p id=\"m_-1008786579018355715AppleMailSignature\" dir=\"ltr\">Va ser una jornada plena d\u2019aprenentatges i emocions, que de ben segur recordaran durant molt de temps!<\/p>\n<div dir=\"ltr\"><\/div>\n<div dir=\"ltr\">\n<h6 style=\"text-align: center;\"><b>Per veure les fotografies, feu clic a la pestanya FOTOS (imatge de la c\u00e0mera).<\/b><\/h6>\n<h6 style=\"text-align: center;\"><b>Recordeu que, per garantir la protecci\u00f3 de dades dels menors, haureu d\u2019introduir el codi d\u2019acc\u00e9s proporcionat.<\/b><\/h6>\n<\/div>\n","protected":false},"excerpt":{"rendered":"<p>Els infants d\u2019I3 i I4 van gaudir d\u2019una jornada especial al Museu Nacional de la Ci\u00e8ncia i la T\u00e8cnica de Catalunya (MNACTEC), a Terrassa. &hellip;  <a href=\"https:\/\/agora.xtec.cat\/ceip-jrj\/general\/els-infants-di3-i-i4-descobreixen-el-mnactec\/\" title=\"Read Els infants d\u2019I3 i I4 descobreixen el MNACTEC\">Llegeix m\u00e9s\u00bb<\/a><\/p>\n","protected":false},"author":1,"featured_media":7439,"comment_status":"closed","ping_status":"closed","sticky":false,"template":"","format":"standard","meta":{"_bbp_topic_count":0,"_bbp_reply_count":0,"_bbp_total_topic_count":0,"_bbp_total_reply_count":0,"_bbp_voice_count":0,"_bbp_anonymous_reply_count":0,"_bbp_topic_count_hidden":0,"_bbp_reply_count_hidden":0,"_bbp_forum_subforum_count":0,"footnotes":""},"categories":[1,2,3,8,4],"tags":[],"class_list":["post-7436","post","type-post","status-publish","format-standard","has-post-thumbnail","hentry","category-general","category-infantil","category-p3","category-p4","category-portada"],"post_mailing_queue_ids":[],"_links":{"self":[{"href":"https:\/\/agora.xtec.cat\/ceip-jrj\/wp-json\/wp\/v2\/posts\/7436","targetHints":{"allow":["GET"]}}],"collection":[{"href":"https:\/\/agora.xtec.cat\/ceip-jrj\/wp-json\/wp\/v2\/posts"}],"about":[{"href":"https:\/\/agora.xtec.cat\/ceip-jrj\/wp-json\/wp\/v2\/types\/post"}],"author":[{"embeddable":true,"href":"https:\/\/agora.xtec.cat\/ceip-jrj\/wp-json\/wp\/v2\/users\/1"}],"replies":[{"embeddable":true,"href":"https:\/\/agora.xtec.cat\/ceip-jrj\/wp-json\/wp\/v2\/comments?post=7436"}],"version-history":[{"count":3,"href":"https:\/\/agora.xtec.cat\/ceip-jrj\/wp-json\/wp\/v2\/posts\/7436\/revisions"}],"predecessor-version":[{"id":7458,"href":"https:\/\/agora.xtec.cat\/ceip-jrj\/wp-json\/wp\/v2\/posts\/7436\/revisions\/7458"}],"wp:featuredmedia":[{"embeddable":true,"href":"https:\/\/agora.xtec.cat\/ceip-jrj\/wp-json\/wp\/v2\/media\/7439"}],"wp:attachment":[{"href":"https:\/\/agora.xtec.cat\/ceip-jrj\/wp-json\/wp\/v2\/media?parent=7436"}],"wp:term":[{"taxonomy":"category","embeddable":true,"href":"https:\/\/agora.xtec.cat\/ceip-jrj\/wp-json\/wp\/v2\/categories?post=7436"},{"taxonomy":"post_tag","embeddable":true,"href":"https:\/\/agora.xtec.cat\/ceip-jrj\/wp-json\/wp\/v2\/tags?post=7436"}],"curies":[{"name":"wp","href":"https:\/\/api.w.org\/{rel}","templated":true}]}}