{"id":7429,"date":"2025-03-18T16:13:02","date_gmt":"2025-03-18T15:13:02","guid":{"rendered":"https:\/\/agora.xtec.cat\/ceip-jrj\/?p=7429"},"modified":"2025-03-23T12:11:39","modified_gmt":"2025-03-23T11:11:39","slug":"participem-al-certamen-de-lectura-en-veu-alta","status":"publish","type":"post","link":"https:\/\/agora.xtec.cat\/ceip-jrj\/general\/participem-al-certamen-de-lectura-en-veu-alta\/","title":{"rendered":"Participem al Certamen de Lectura en Veu Alta"},"content":{"rendered":"<p data-start=\"157\" data-end=\"600\"><img loading=\"lazy\" decoding=\"async\" class=\"wp-image-7431 alignleft\" src=\"https:\/\/agora.xtec.cat\/ceip-jrj\/wp-content\/uploads\/usu280\/2025\/03\/6295984e-7d94-41be-8d43-2136736be06a.jpg\" alt=\"\" width=\"259\" height=\"194\" srcset=\"https:\/\/agora.xtec.cat\/ceip-jrj\/wp-content\/uploads\/usu280\/2025\/03\/6295984e-7d94-41be-8d43-2136736be06a.jpg 1600w, https:\/\/agora.xtec.cat\/ceip-jrj\/wp-content\/uploads\/usu280\/2025\/03\/6295984e-7d94-41be-8d43-2136736be06a-300x225.jpg 300w, https:\/\/agora.xtec.cat\/ceip-jrj\/wp-content\/uploads\/usu280\/2025\/03\/6295984e-7d94-41be-8d43-2136736be06a-1024x768.jpg 1024w, https:\/\/agora.xtec.cat\/ceip-jrj\/wp-content\/uploads\/usu280\/2025\/03\/6295984e-7d94-41be-8d43-2136736be06a-768x576.jpg 768w, https:\/\/agora.xtec.cat\/ceip-jrj\/wp-content\/uploads\/usu280\/2025\/03\/6295984e-7d94-41be-8d43-2136736be06a-1536x1152.jpg 1536w, https:\/\/agora.xtec.cat\/ceip-jrj\/wp-content\/uploads\/usu280\/2025\/03\/6295984e-7d94-41be-8d43-2136736be06a-200x150.jpg 200w\" sizes=\"auto, (max-width: 259px) 100vw, 259px\" \/>Amb molta il\u00b7lusi\u00f3 i esfor\u00e7, dos alumnes de la nostra escola, l\u2019Amara, de 4t, i el Jan, de 6\u00e8, han participat aquest mes en el <strong data-start=\"284\" data-end=\"319\">Certamen de Lectura en Veu Alta<\/strong>, un esdeveniment que reuneix nens i nenes d\u2019escoles de tot el Baix Llobregat Nord. En aquesta trobada, els participants tenen l\u2019oportunitat de llegir en veu alta davant d\u2019un jurat i d\u2019altres companys, compartint el gust per la lectura i demostrant les seves habilitats lectores.<\/p>\n<p data-start=\"602\" data-end=\"1028\">Amb gran professionalitat i una destacada expressivitat, els dos alumnes han aconseguit fer una gran impressi\u00f3 durant les seves intervencions. Des de l\u2019inici, tant l\u2019Amara com el Jan es van mostrar molt preparats, posant-hi tot el seu esfor\u00e7 i il\u00b7lusi\u00f3. Tot i que tots els participants van fer una feina excel\u00b7lent, el <strong data-start=\"921\" data-end=\"969\">Jan va ser escollit guanyador d\u2019aquesta fase<\/strong> i, com a resultat, passar\u00e0 a la gran final del certamen.<\/p>\n<p data-start=\"1030\" data-end=\"1250\">Aquest \u00e8xit no nom\u00e9s reflecteix la gran capacitat lectora del Jan, sin\u00f3 tamb\u00e9 la seva dedicaci\u00f3 i comprom\u00eds amb l\u2019activitat. Estem molt orgullosos de tots dos, que han representat l\u2019escola amb gran entusiasme i valors.<\/p>\n<p data-start=\"1252\" data-end=\"1374\">Li desitgem molta sort al Jan en la fase final del certamen i li donem un enorme aplaudiment per aquest gran assoliment.<\/p>\n<p data-start=\"1376\" data-end=\"1434\"><strong data-start=\"1376\" data-end=\"1427\">Moltes felicitats a tots dos i molta sort, Jan!<\/strong><\/p>\n<h6 style=\"text-align: center;\"><b>Per veure les fotografies, feu clic a la pestanya FOTOS (imatge de la c\u00e0mera).<\/b><\/h6>\n<h6 style=\"text-align: center;\"><b>Recordeu que, per garantir la protecci\u00f3 de dades dels menors, haureu d\u2019introduir el codi d\u2019acc\u00e9s proporcionat.<\/b><\/h6>\n","protected":false},"excerpt":{"rendered":"<p>Els alumnes de 4t, Amara, i de 6\u00e8, Jan, han participat al Certamen de Lectura en Veu Alta, competint amb nens i nenes d&#8217;altres escoles del Baix Llobregat Nord. &hellip;  <a href=\"https:\/\/agora.xtec.cat\/ceip-jrj\/general\/participem-al-certamen-de-lectura-en-veu-alta\/\" title=\"Read Participem al Certamen de Lectura en Veu Alta\">Llegeix m\u00e9s\u00bb<\/a><\/p>\n","protected":false},"author":1,"featured_media":7430,"comment_status":"closed","ping_status":"closed","sticky":false,"template":"","format":"standard","meta":{"_bbp_topic_count":0,"_bbp_reply_count":0,"_bbp_total_topic_count":0,"_bbp_total_reply_count":0,"_bbp_voice_count":0,"_bbp_anonymous_reply_count":0,"_bbp_topic_count_hidden":0,"_bbp_reply_count_hidden":0,"_bbp_forum_subforum_count":0,"footnotes":""},"categories":[13,15,1,4,5],"tags":[],"class_list":["post-7429","post","type-post","status-publish","format-standard","has-post-thumbnail","hentry","category-4t","category-6e","category-general","category-portada","category-primaria"],"post_mailing_queue_ids":[],"_links":{"self":[{"href":"https:\/\/agora.xtec.cat\/ceip-jrj\/wp-json\/wp\/v2\/posts\/7429","targetHints":{"allow":["GET"]}}],"collection":[{"href":"https:\/\/agora.xtec.cat\/ceip-jrj\/wp-json\/wp\/v2\/posts"}],"about":[{"href":"https:\/\/agora.xtec.cat\/ceip-jrj\/wp-json\/wp\/v2\/types\/post"}],"author":[{"embeddable":true,"href":"https:\/\/agora.xtec.cat\/ceip-jrj\/wp-json\/wp\/v2\/users\/1"}],"replies":[{"embeddable":true,"href":"https:\/\/agora.xtec.cat\/ceip-jrj\/wp-json\/wp\/v2\/comments?post=7429"}],"version-history":[{"count":4,"href":"https:\/\/agora.xtec.cat\/ceip-jrj\/wp-json\/wp\/v2\/posts\/7429\/revisions"}],"predecessor-version":[{"id":7459,"href":"https:\/\/agora.xtec.cat\/ceip-jrj\/wp-json\/wp\/v2\/posts\/7429\/revisions\/7459"}],"wp:featuredmedia":[{"embeddable":true,"href":"https:\/\/agora.xtec.cat\/ceip-jrj\/wp-json\/wp\/v2\/media\/7430"}],"wp:attachment":[{"href":"https:\/\/agora.xtec.cat\/ceip-jrj\/wp-json\/wp\/v2\/media?parent=7429"}],"wp:term":[{"taxonomy":"category","embeddable":true,"href":"https:\/\/agora.xtec.cat\/ceip-jrj\/wp-json\/wp\/v2\/categories?post=7429"},{"taxonomy":"post_tag","embeddable":true,"href":"https:\/\/agora.xtec.cat\/ceip-jrj\/wp-json\/wp\/v2\/tags?post=7429"}],"curies":[{"name":"wp","href":"https:\/\/api.w.org\/{rel}","templated":true}]}}