{"id":7418,"date":"2025-03-11T18:39:16","date_gmt":"2025-03-11T17:39:16","guid":{"rendered":"https:\/\/agora.xtec.cat\/ceip-jrj\/?p=7418"},"modified":"2025-03-18T05:38:50","modified_gmt":"2025-03-18T04:38:50","slug":"descobrint-lart-tallers-de-pintura-a-lescola","status":"publish","type":"post","link":"https:\/\/agora.xtec.cat\/ceip-jrj\/general\/descobrint-lart-tallers-de-pintura-a-lescola\/","title":{"rendered":"Descobrint l&#8217;Art: Tallers de Pintura a l&#8217;Escola"},"content":{"rendered":"<p data-pm-slice=\"1 1 []\"><img loading=\"lazy\" decoding=\"async\" class=\" wp-image-7422 alignleft\" src=\"https:\/\/agora.xtec.cat\/ceip-jrj\/wp-content\/uploads\/usu280\/2025\/03\/911852bc-ba21-4049-923f-edb6f98f9172.jpg\" alt=\"\" width=\"331\" height=\"588\" srcset=\"https:\/\/agora.xtec.cat\/ceip-jrj\/wp-content\/uploads\/usu280\/2025\/03\/911852bc-ba21-4049-923f-edb6f98f9172.jpg 1151w, https:\/\/agora.xtec.cat\/ceip-jrj\/wp-content\/uploads\/usu280\/2025\/03\/911852bc-ba21-4049-923f-edb6f98f9172-169x300.jpg 169w, https:\/\/agora.xtec.cat\/ceip-jrj\/wp-content\/uploads\/usu280\/2025\/03\/911852bc-ba21-4049-923f-edb6f98f9172-576x1024.jpg 576w, https:\/\/agora.xtec.cat\/ceip-jrj\/wp-content\/uploads\/usu280\/2025\/03\/911852bc-ba21-4049-923f-edb6f98f9172-768x1367.jpg 768w, https:\/\/agora.xtec.cat\/ceip-jrj\/wp-content\/uploads\/usu280\/2025\/03\/911852bc-ba21-4049-923f-edb6f98f9172-863x1536.jpg 863w\" sizes=\"auto, (max-width: 331px) 100vw, 331px\" \/>A l&#8217;Escola Juan Ram\u00f3n Jim\u00e9nez apostem per l&#8217;expressi\u00f3 art\u00edstica com a part fonamental del desenvolupament del nostre alumnat. Per aix\u00f2, aquest curs hem tingut la gran sort de comptar amb la Marta Ara\u00f1\u00f3, de l&#8217;estudi Tinta i Vi, que est\u00e0 impartint una s\u00e8rie de tallers de pintura adaptats a cada nivell de prim\u00e0ria.<\/p>\n<p>El nostre alumnat est\u00e0 gaudint i aprenent diferents t\u00e8cniques pict\u00f2riques que els permeten experimentar amb materials diversos i expressar la seva creativitat d&#8217;una manera \u00fanica. Aquests s\u00f3n alguns dels tallers que s&#8217;estan realitzant:<\/p>\n<p>\ud83c\udfa8 <strong>Pintura amb barres aquarel\u00b7lables<\/strong>: Una t\u00e8cnica que combina la intensitat del color amb l&#8217;efecte suau i difuminat de l&#8217;aquarel\u00b7la.<\/p>\n<p>\ud83d\udd8d <strong>Dibuix i pintura amb llapis de colors<\/strong>: Explorant el tra\u00e7, la mescla de colors i diferents efectes per donar vida a les seves creacions.<\/p>\n<p>\ud83c\udffa <strong>Pintura acr\u00edlica sobre cer\u00e0mica<\/strong>: Permet treballar amb un suport diferent i experimentar amb la textura i el volum.<\/p>\n<p>\u270f <strong>Carbonet<\/strong>: Descobrint el contrast, les ombres i la profunditat a trav\u00e9s d&#8217;aquesta t\u00e8cnica cl\u00e0ssica.<\/p>\n<p>\ud83d\udd8c <strong>Pintura amb pastel<\/strong>: Amb pigments suaus per aconseguir degradats i efectes de llum sorprenents.<\/p>\n<p>\ud83d\udca7 <strong>Aquarel\u00b7les<\/strong>: Amb l&#8217;aigua i els colors per crear obres plenes de transpar\u00e8ncia i expressi\u00f3.<\/p>\n<p>Aquests tallers no nom\u00e9s fomenten la creativitat, sin\u00f3 que tamb\u00e9 ajuden a millorar la motricitat fina, la paci\u00e8ncia i la concentraci\u00f3 del nostre alumnat. Estem molt contents amb l&#8217;entusiasme i la implicaci\u00f3 de tots i esperem seguir gaudint de l&#8217;art a la nostra escola!<\/p>\n<p>Gr\u00e0cies, Marta, per apropar-nos el m\u00f3n de la pintura i fer que cada nen i nena descobreixi l&#8217;artista que porta dins! \ud83c\udfa8\u2728<\/p>\n<h6 style=\"text-align: center;\"><b>Per veure les fotografies, feu clic a la pestanya FOTOS (imatge de la c\u00e0mera).<\/b><\/h6>\n<h6 style=\"text-align: center;\"><b>Recordeu que, per garantir la protecci\u00f3 de dades dels menors, haureu d\u2019introduir el codi d\u2019acc\u00e9s proporcionat.<\/b><\/h6>\n","protected":false},"excerpt":{"rendered":"<p>A l&#8217;Escola Juan Ram\u00f3n Jim\u00e9nez, fomentem l&#8217;expressi\u00f3 art\u00edstica amb tallers de pintura dirigits per Marta Ara\u00f1\u00f3, de l&#8217;estudi Tinta i Vi. Els nostres alumnes experimenten amb diverses t\u00e8cniques com aquarel\u00b7les, carbonet, pastels, pintura acr\u00edlica sobre cer\u00e0mica i m\u00e9s. &hellip;  <a href=\"https:\/\/agora.xtec.cat\/ceip-jrj\/general\/descobrint-lart-tallers-de-pintura-a-lescola\/\" title=\"Read Descobrint l&#8217;Art: Tallers de Pintura a l&#8217;Escola\">Llegeix m\u00e9s\u00bb<\/a><\/p>\n","protected":false},"author":1,"featured_media":0,"comment_status":"closed","ping_status":"closed","sticky":false,"template":"","format":"standard","meta":{"_bbp_topic_count":0,"_bbp_reply_count":0,"_bbp_total_topic_count":0,"_bbp_total_reply_count":0,"_bbp_voice_count":0,"_bbp_anonymous_reply_count":0,"_bbp_topic_count_hidden":0,"_bbp_reply_count_hidden":0,"_bbp_forum_subforum_count":0,"footnotes":""},"categories":[1,4,5],"tags":[],"class_list":["post-7418","post","type-post","status-publish","format-standard","hentry","category-general","category-portada","category-primaria"],"post_mailing_queue_ids":[],"_links":{"self":[{"href":"https:\/\/agora.xtec.cat\/ceip-jrj\/wp-json\/wp\/v2\/posts\/7418","targetHints":{"allow":["GET"]}}],"collection":[{"href":"https:\/\/agora.xtec.cat\/ceip-jrj\/wp-json\/wp\/v2\/posts"}],"about":[{"href":"https:\/\/agora.xtec.cat\/ceip-jrj\/wp-json\/wp\/v2\/types\/post"}],"author":[{"embeddable":true,"href":"https:\/\/agora.xtec.cat\/ceip-jrj\/wp-json\/wp\/v2\/users\/1"}],"replies":[{"embeddable":true,"href":"https:\/\/agora.xtec.cat\/ceip-jrj\/wp-json\/wp\/v2\/comments?post=7418"}],"version-history":[{"count":6,"href":"https:\/\/agora.xtec.cat\/ceip-jrj\/wp-json\/wp\/v2\/posts\/7418\/revisions"}],"predecessor-version":[{"id":7428,"href":"https:\/\/agora.xtec.cat\/ceip-jrj\/wp-json\/wp\/v2\/posts\/7418\/revisions\/7428"}],"wp:attachment":[{"href":"https:\/\/agora.xtec.cat\/ceip-jrj\/wp-json\/wp\/v2\/media?parent=7418"}],"wp:term":[{"taxonomy":"category","embeddable":true,"href":"https:\/\/agora.xtec.cat\/ceip-jrj\/wp-json\/wp\/v2\/categories?post=7418"},{"taxonomy":"post_tag","embeddable":true,"href":"https:\/\/agora.xtec.cat\/ceip-jrj\/wp-json\/wp\/v2\/tags?post=7418"}],"curies":[{"name":"wp","href":"https:\/\/api.w.org\/{rel}","templated":true}]}}