{"id":7407,"date":"2025-03-10T20:19:14","date_gmt":"2025-03-10T19:19:14","guid":{"rendered":"https:\/\/agora.xtec.cat\/ceip-jrj\/?p=7407"},"modified":"2025-03-10T20:22:29","modified_gmt":"2025-03-10T19:22:29","slug":"petits-cientifics-al-congres-de-la-ciencia","status":"publish","type":"post","link":"https:\/\/agora.xtec.cat\/ceip-jrj\/general\/petits-cientifics-al-congres-de-la-ciencia\/","title":{"rendered":"Petits Cient\u00edfics al Congr\u00e9s de la Ci\u00e8ncia"},"content":{"rendered":"<p data-start=\"69\" data-end=\"453\"><a href=\"https:\/\/agora.xtec.cat\/ceip-jrj\/wp-content\/uploads\/usu280\/2025\/03\/1741634141710.jpg\"><img loading=\"lazy\" decoding=\"async\" class=\"wp-image-7408 alignleft\" src=\"https:\/\/agora.xtec.cat\/ceip-jrj\/wp-content\/uploads\/usu280\/2025\/03\/1741634141710.jpg\" alt=\"\" width=\"238\" height=\"189\" srcset=\"https:\/\/agora.xtec.cat\/ceip-jrj\/wp-content\/uploads\/usu280\/2025\/03\/1741634141710.jpg 793w, https:\/\/agora.xtec.cat\/ceip-jrj\/wp-content\/uploads\/usu280\/2025\/03\/1741634141710-300x239.jpg 300w, https:\/\/agora.xtec.cat\/ceip-jrj\/wp-content\/uploads\/usu280\/2025\/03\/1741634141710-768x611.jpg 768w\" sizes=\"auto, (max-width: 238px) 100vw, 238px\" \/><\/a>L&#8217;alumnat d&#8217;I5 ha tingut l&#8217;oportunitat de participar en el 9\u00e8 Congr\u00e9s de la Ci\u00e8ncia a l&#8217;Escola, un esdeveniment on els nostres menuts i menudes han pogut compartir els seus projectes cient\u00edfics amb les escoles assistents. La presentaci\u00f3 es va realitzar a l&#8217;Auditori Joan Cererols del Centre Cultural de Martorell.<\/p>\n<p data-start=\"455\" data-end=\"799\">Durant el Congr\u00e9s, els nostres petits cient\u00edfics van exposar els seus treballs i van demostrar tot el que han apr\u00e8s en les seves investigacions i experiments. Enhorabona a tots els nens i nenes d&#8217;I5 per la seva brillant participaci\u00f3 i per haver demostrat, una vegada m\u00e9s, que la ci\u00e8ncia tamb\u00e9 pot ser una experi\u00e8ncia divertida i fascinant!<\/p>\n<h6 style=\"text-align: center;\">Per veure el v\u00eddeo de la presentaci\u00f3, feu clic a la pestanya <strong>FOTOS (imatge de la c\u00e0mera).<\/strong><\/h6>\n<h6 style=\"text-align: center;\">Recordeu que, per garantir la protecci\u00f3 de dades dels menors, haureu d\u2019introduir el codi d\u2019acc\u00e9s proporcionat.<\/h6>\n","protected":false},"excerpt":{"rendered":"<p>L&#8217;alumnat d&#8217;I5 ha tingut l&#8217;oportunitat de participar en el 9\u00e8 Congr\u00e9s de la Ci\u00e8ncia a l&#8217;Escola, un esdeveniment on els nostres menuts i menudes han pogut compartir els seus projectes cient\u00edfics amb les escoles assistents.&hellip;  <a href=\"https:\/\/agora.xtec.cat\/ceip-jrj\/general\/petits-cientifics-al-congres-de-la-ciencia\/\" title=\"Read Petits Cient\u00edfics al Congr\u00e9s de la Ci\u00e8ncia\">Llegeix m\u00e9s\u00bb<\/a><\/p>\n","protected":false},"author":9,"featured_media":7409,"comment_status":"closed","ping_status":"closed","sticky":false,"template":"","format":"standard","meta":{"_bbp_topic_count":0,"_bbp_reply_count":0,"_bbp_total_topic_count":0,"_bbp_total_reply_count":0,"_bbp_voice_count":0,"_bbp_anonymous_reply_count":0,"_bbp_topic_count_hidden":0,"_bbp_reply_count_hidden":0,"_bbp_forum_subforum_count":0,"footnotes":""},"categories":[1,9,4],"tags":[],"class_list":["post-7407","post","type-post","status-publish","format-standard","has-post-thumbnail","hentry","category-general","category-p5","category-portada"],"post_mailing_queue_ids":[],"_links":{"self":[{"href":"https:\/\/agora.xtec.cat\/ceip-jrj\/wp-json\/wp\/v2\/posts\/7407","targetHints":{"allow":["GET"]}}],"collection":[{"href":"https:\/\/agora.xtec.cat\/ceip-jrj\/wp-json\/wp\/v2\/posts"}],"about":[{"href":"https:\/\/agora.xtec.cat\/ceip-jrj\/wp-json\/wp\/v2\/types\/post"}],"author":[{"embeddable":true,"href":"https:\/\/agora.xtec.cat\/ceip-jrj\/wp-json\/wp\/v2\/users\/9"}],"replies":[{"embeddable":true,"href":"https:\/\/agora.xtec.cat\/ceip-jrj\/wp-json\/wp\/v2\/comments?post=7407"}],"version-history":[{"count":2,"href":"https:\/\/agora.xtec.cat\/ceip-jrj\/wp-json\/wp\/v2\/posts\/7407\/revisions"}],"predecessor-version":[{"id":7412,"href":"https:\/\/agora.xtec.cat\/ceip-jrj\/wp-json\/wp\/v2\/posts\/7407\/revisions\/7412"}],"wp:featuredmedia":[{"embeddable":true,"href":"https:\/\/agora.xtec.cat\/ceip-jrj\/wp-json\/wp\/v2\/media\/7409"}],"wp:attachment":[{"href":"https:\/\/agora.xtec.cat\/ceip-jrj\/wp-json\/wp\/v2\/media?parent=7407"}],"wp:term":[{"taxonomy":"category","embeddable":true,"href":"https:\/\/agora.xtec.cat\/ceip-jrj\/wp-json\/wp\/v2\/categories?post=7407"},{"taxonomy":"post_tag","embeddable":true,"href":"https:\/\/agora.xtec.cat\/ceip-jrj\/wp-json\/wp\/v2\/tags?post=7407"}],"curies":[{"name":"wp","href":"https:\/\/api.w.org\/{rel}","templated":true}]}}