{"id":7395,"date":"2025-03-03T19:58:23","date_gmt":"2025-03-03T18:58:23","guid":{"rendered":"https:\/\/agora.xtec.cat\/ceip-jrj\/?p=7395"},"modified":"2025-03-04T10:22:04","modified_gmt":"2025-03-04T09:22:04","slug":"gran-rua-de-carnaval","status":"publish","type":"post","link":"https:\/\/agora.xtec.cat\/ceip-jrj\/general\/gran-rua-de-carnaval\/","title":{"rendered":"Gran Rua de Carnaval"},"content":{"rendered":"<p data-start=\"120\" data-end=\"334\"><img loading=\"lazy\" decoding=\"async\" class=\"wp-image-7397 alignleft\" src=\"https:\/\/agora.xtec.cat\/ceip-jrj\/wp-content\/uploads\/usu280\/2025\/03\/Diseno-sin-titulo.png\" alt=\"\" width=\"473\" height=\"334\" srcset=\"https:\/\/agora.xtec.cat\/ceip-jrj\/wp-content\/uploads\/usu280\/2025\/03\/Diseno-sin-titulo.png 2000w, https:\/\/agora.xtec.cat\/ceip-jrj\/wp-content\/uploads\/usu280\/2025\/03\/Diseno-sin-titulo-300x212.png 300w, https:\/\/agora.xtec.cat\/ceip-jrj\/wp-content\/uploads\/usu280\/2025\/03\/Diseno-sin-titulo-1024x724.png 1024w, https:\/\/agora.xtec.cat\/ceip-jrj\/wp-content\/uploads\/usu280\/2025\/03\/Diseno-sin-titulo-768x543.png 768w, https:\/\/agora.xtec.cat\/ceip-jrj\/wp-content\/uploads\/usu280\/2025\/03\/Diseno-sin-titulo-1536x1086.png 1536w\" sizes=\"auto, (max-width: 473px) 100vw, 473px\" \/>Divendres passat vam celebrar una jornada molt especial i plena de color amb la primera Rua de Carnaval pels carrers propers a l&#8217;escola! Encara estem emocionats recordant la gran festa que vam viure tots plegats.<\/p>\n<p data-start=\"336\" data-end=\"668\">La rua va estar encap\u00e7alada pel Rei Carnestoltes, que amb la seva alegria i esbojarrades consignes va marcar el ritme d&#8217;una desfilada plena de disfresses, rialles i molta diversi\u00f3. A la cua de la rua, posant el toc musical i festiu, la batucada dels nens i nenes de 6\u00e8 ens va fer vibrar amb els seus ritmes en\u00e8rgics i contagiosos.<\/p>\n<p data-start=\"670\" data-end=\"962\">La rua va finalitzar al pati de l\u2019escola, on vam seguir la festa amb m\u00fasica, balls i un ambient immillorable. A m\u00e9s, Martorell TV ens va acompanyar durant la celebraci\u00f3 i va enregistrar un reportatge que podeu veure en aquest <a href=\"https:\/\/youtu.be\/u9ZWrAsTF18\">enlla\u00e7<\/a>.<\/p>\n<p data-start=\"964\" data-end=\"1076\">Gr\u00e0cies a tothom per la participaci\u00f3 i per fer d\u2019aquest Carnaval una festa inoblidable! Fins l&#8217;any que ve! \ud83c\udfad\u2728<\/p>\n<h6 style=\"text-align: center;\">Per veure les fotografies, feu clic a la pestanya\u00a0<strong>FOTOS (imatge de la c\u00e0mera).<\/strong><\/h6>\n<h6 style=\"text-align: center;\">Recordeu que, per garantir la protecci\u00f3 de dades dels menors, haureu d\u2019introduir el codi d\u2019acc\u00e9s proporcionat.<\/h6>\n","protected":false},"excerpt":{"rendered":"<p>Divendres passat vam celebrar la primera Rua de Carnaval pels carrers propers a l\u2019escola. &hellip;  <a href=\"https:\/\/agora.xtec.cat\/ceip-jrj\/general\/gran-rua-de-carnaval\/\" title=\"Read Gran Rua de Carnaval\">Llegeix m\u00e9s\u00bb<\/a><\/p>\n","protected":false},"author":1,"featured_media":7396,"comment_status":"closed","ping_status":"closed","sticky":false,"template":"","format":"standard","meta":{"_bbp_topic_count":0,"_bbp_reply_count":0,"_bbp_total_topic_count":0,"_bbp_total_reply_count":0,"_bbp_voice_count":0,"_bbp_anonymous_reply_count":0,"_bbp_topic_count_hidden":0,"_bbp_reply_count_hidden":0,"_bbp_forum_subforum_count":0,"footnotes":""},"categories":[1,2,4,5],"tags":[],"class_list":["post-7395","post","type-post","status-publish","format-standard","has-post-thumbnail","hentry","category-general","category-infantil","category-portada","category-primaria"],"post_mailing_queue_ids":[],"_links":{"self":[{"href":"https:\/\/agora.xtec.cat\/ceip-jrj\/wp-json\/wp\/v2\/posts\/7395","targetHints":{"allow":["GET"]}}],"collection":[{"href":"https:\/\/agora.xtec.cat\/ceip-jrj\/wp-json\/wp\/v2\/posts"}],"about":[{"href":"https:\/\/agora.xtec.cat\/ceip-jrj\/wp-json\/wp\/v2\/types\/post"}],"author":[{"embeddable":true,"href":"https:\/\/agora.xtec.cat\/ceip-jrj\/wp-json\/wp\/v2\/users\/1"}],"replies":[{"embeddable":true,"href":"https:\/\/agora.xtec.cat\/ceip-jrj\/wp-json\/wp\/v2\/comments?post=7395"}],"version-history":[{"count":5,"href":"https:\/\/agora.xtec.cat\/ceip-jrj\/wp-json\/wp\/v2\/posts\/7395\/revisions"}],"predecessor-version":[{"id":7402,"href":"https:\/\/agora.xtec.cat\/ceip-jrj\/wp-json\/wp\/v2\/posts\/7395\/revisions\/7402"}],"wp:featuredmedia":[{"embeddable":true,"href":"https:\/\/agora.xtec.cat\/ceip-jrj\/wp-json\/wp\/v2\/media\/7396"}],"wp:attachment":[{"href":"https:\/\/agora.xtec.cat\/ceip-jrj\/wp-json\/wp\/v2\/media?parent=7395"}],"wp:term":[{"taxonomy":"category","embeddable":true,"href":"https:\/\/agora.xtec.cat\/ceip-jrj\/wp-json\/wp\/v2\/categories?post=7395"},{"taxonomy":"post_tag","embeddable":true,"href":"https:\/\/agora.xtec.cat\/ceip-jrj\/wp-json\/wp\/v2\/tags?post=7395"}],"curies":[{"name":"wp","href":"https:\/\/api.w.org\/{rel}","templated":true}]}}