{"id":7375,"date":"2025-02-21T17:00:44","date_gmt":"2025-02-21T16:00:44","guid":{"rendered":"https:\/\/agora.xtec.cat\/ceip-jrj\/?p=7375"},"modified":"2025-02-24T05:30:07","modified_gmt":"2025-02-24T04:30:07","slug":"visita-al-mnactec-per-6e","status":"publish","type":"post","link":"https:\/\/agora.xtec.cat\/ceip-jrj\/general\/visita-al-mnactec-per-6e\/","title":{"rendered":"Visita al MNACTEC"},"content":{"rendered":"<p data-pm-slice=\"1 1 []\"><img loading=\"lazy\" decoding=\"async\" class=\"wp-image-7377 alignleft\" src=\"https:\/\/agora.xtec.cat\/ceip-jrj\/wp-content\/uploads\/usu280\/2025\/02\/Copia-de-f92baca5-4404-4319-8dde-efbca91dc8e3.jpg\" alt=\"\" width=\"298\" height=\"134\" srcset=\"https:\/\/agora.xtec.cat\/ceip-jrj\/wp-content\/uploads\/usu280\/2025\/02\/Copia-de-f92baca5-4404-4319-8dde-efbca91dc8e3.jpg 1600w, https:\/\/agora.xtec.cat\/ceip-jrj\/wp-content\/uploads\/usu280\/2025\/02\/Copia-de-f92baca5-4404-4319-8dde-efbca91dc8e3-300x135.jpg 300w, https:\/\/agora.xtec.cat\/ceip-jrj\/wp-content\/uploads\/usu280\/2025\/02\/Copia-de-f92baca5-4404-4319-8dde-efbca91dc8e3-1024x461.jpg 1024w, https:\/\/agora.xtec.cat\/ceip-jrj\/wp-content\/uploads\/usu280\/2025\/02\/Copia-de-f92baca5-4404-4319-8dde-efbca91dc8e3-768x346.jpg 768w, https:\/\/agora.xtec.cat\/ceip-jrj\/wp-content\/uploads\/usu280\/2025\/02\/Copia-de-f92baca5-4404-4319-8dde-efbca91dc8e3-1536x691.jpg 1536w\" sizes=\"auto, (max-width: 298px) 100vw, 298px\" \/>L\u2019alumnat de 6\u00e8 visita el Museu de la Ci\u00e8ncia de Terrassa<\/p>\n<p>Divendres 21 d&#8217;abril, els nens i les nenes de 6\u00e8 van poder visitar el Museu de la Ci\u00e8ncia de Terrassa, on van explorar de primera m\u00e0 conceptes cient\u00edfics i tecnol\u00f2gics d\u2019una manera interactiva i divertida.<\/p>\n<p>Durant la sortida, han apr\u00e8s sobre el funcionament de l\u2019energia, la hist\u00f2ria de la tecnologia i han pogut experimentar amb diferents principis f\u00edsics a trav\u00e9s d\u2019experiments i demostracions pr\u00e0ctiques. Ha estat una experi\u00e8ncia enriquidora que ha perm\u00e8s als nostres alumnes viure la ci\u00e8ncia d\u2019una manera m\u00e9s propera i din\u00e0mica.<\/p>\n<p>Tornem a l\u2019escola amb nous coneixements i molta curiositat per seguir descobrint el m\u00f3n que ens envolta!<\/p>\n<p>&nbsp;<\/p>\n<h6 style=\"text-align: center;\">Per veure les fotografies, feu clic a la pestanya\u00a0<strong>FOTOS (imatge de la c\u00e0mera).<\/strong><\/h6>\n<h6 style=\"text-align: center;\">Recordeu que, per garantir la protecci\u00f3 de dades dels menors, haureu d\u2019introduir el codi d\u2019acc\u00e9s proporcionat.<\/h6>\n","protected":false},"excerpt":{"rendered":"<p>L\u2019alumnat de 6\u00e8 ha visitat el Museu de la Ci\u00e8ncia de Terrassa i ha experimentat la ci\u00e8ncia de manera interactiva.<br \/>\nTornem amb nous coneixements i curiositat per seguir descobrint!&hellip;  <a href=\"https:\/\/agora.xtec.cat\/ceip-jrj\/general\/visita-al-mnactec-per-6e\/\" title=\"Read Visita al MNACTEC\">Llegeix m\u00e9s\u00bb<\/a><\/p>\n","protected":false},"author":1,"featured_media":7376,"comment_status":"closed","ping_status":"closed","sticky":false,"template":"","format":"standard","meta":{"_bbp_topic_count":0,"_bbp_reply_count":0,"_bbp_total_topic_count":0,"_bbp_total_reply_count":0,"_bbp_voice_count":0,"_bbp_anonymous_reply_count":0,"_bbp_topic_count_hidden":0,"_bbp_reply_count_hidden":0,"_bbp_forum_subforum_count":0,"footnotes":""},"categories":[15,1,4,5],"tags":[],"class_list":["post-7375","post","type-post","status-publish","format-standard","has-post-thumbnail","hentry","category-6e","category-general","category-portada","category-primaria"],"post_mailing_queue_ids":[],"_links":{"self":[{"href":"https:\/\/agora.xtec.cat\/ceip-jrj\/wp-json\/wp\/v2\/posts\/7375","targetHints":{"allow":["GET"]}}],"collection":[{"href":"https:\/\/agora.xtec.cat\/ceip-jrj\/wp-json\/wp\/v2\/posts"}],"about":[{"href":"https:\/\/agora.xtec.cat\/ceip-jrj\/wp-json\/wp\/v2\/types\/post"}],"author":[{"embeddable":true,"href":"https:\/\/agora.xtec.cat\/ceip-jrj\/wp-json\/wp\/v2\/users\/1"}],"replies":[{"embeddable":true,"href":"https:\/\/agora.xtec.cat\/ceip-jrj\/wp-json\/wp\/v2\/comments?post=7375"}],"version-history":[{"count":3,"href":"https:\/\/agora.xtec.cat\/ceip-jrj\/wp-json\/wp\/v2\/posts\/7375\/revisions"}],"predecessor-version":[{"id":7381,"href":"https:\/\/agora.xtec.cat\/ceip-jrj\/wp-json\/wp\/v2\/posts\/7375\/revisions\/7381"}],"wp:featuredmedia":[{"embeddable":true,"href":"https:\/\/agora.xtec.cat\/ceip-jrj\/wp-json\/wp\/v2\/media\/7376"}],"wp:attachment":[{"href":"https:\/\/agora.xtec.cat\/ceip-jrj\/wp-json\/wp\/v2\/media?parent=7375"}],"wp:term":[{"taxonomy":"category","embeddable":true,"href":"https:\/\/agora.xtec.cat\/ceip-jrj\/wp-json\/wp\/v2\/categories?post=7375"},{"taxonomy":"post_tag","embeddable":true,"href":"https:\/\/agora.xtec.cat\/ceip-jrj\/wp-json\/wp\/v2\/tags?post=7375"}],"curies":[{"name":"wp","href":"https:\/\/api.w.org\/{rel}","templated":true}]}}