{"id":7366,"date":"2025-02-21T16:30:36","date_gmt":"2025-02-21T15:30:36","guid":{"rendered":"https:\/\/agora.xtec.cat\/ceip-jrj\/?p=7366"},"modified":"2025-02-21T15:46:33","modified_gmt":"2025-02-21T14:46:33","slug":"el-rei-carnestoltes-ja-es-aqui","status":"publish","type":"post","link":"https:\/\/agora.xtec.cat\/ceip-jrj\/general\/el-rei-carnestoltes-ja-es-aqui\/","title":{"rendered":"El Rei Carnestoltes ja \u00e9s aqu\u00ed!"},"content":{"rendered":"<p data-pm-slice=\"1 1 []\"><img loading=\"lazy\" decoding=\"async\" class=\"wp-image-7368 alignleft\" src=\"https:\/\/agora.xtec.cat\/ceip-jrj\/wp-content\/uploads\/usu280\/2025\/02\/2024-2025.png\" alt=\"\" width=\"252\" height=\"631\" srcset=\"https:\/\/agora.xtec.cat\/ceip-jrj\/wp-content\/uploads\/usu280\/2025\/02\/2024-2025.png 800w, https:\/\/agora.xtec.cat\/ceip-jrj\/wp-content\/uploads\/usu280\/2025\/02\/2024-2025-120x300.png 120w, https:\/\/agora.xtec.cat\/ceip-jrj\/wp-content\/uploads\/usu280\/2025\/02\/2024-2025-768x1920.png 768w, https:\/\/agora.xtec.cat\/ceip-jrj\/wp-content\/uploads\/usu280\/2025\/02\/2024-2025-614x1536.png 614w\" sizes=\"auto, (max-width: 252px) 100vw, 252px\" \/>A l&#8217;escola estem de festa perqu\u00e8 ha arribat el Rei Carnestoltes, el rei de la disbauxa i la diversi\u00f3! Amb ell, donem el tret de sortida a una setmana plena d&#8217;alegria, creativitat i moments inoblidables.<\/p>\n<p>Com mana la tradici\u00f3, el Rei Carnestoltes ens ha deixat les seves consignes perqu\u00e8 cada dia de la setmana vinent sigui ben especial. Estigueu atents i seguiu-les totes per gaudir d&#8217;una experi\u00e8ncia carnavalesca \u00fanica!<\/p>\n<p>\ud83d\udcc5 <strong>Consignes de la setmana:<\/strong><\/p>\n<p>\ud83c\udf89 <strong>Dilluns 24\/2:<\/strong> Veniu tots despentinats. Amb els cabells cap amunt, ben estarrufats!<\/p>\n<p>\ud83d\udc5f <strong>Dimarts 25\/2:<\/strong> Sabates diferents cal\u00e7areu. Una de cada color lluireu!<\/p>\n<p>\ud83d\ude34 <strong>Dimecres 26\/2:<\/strong> Amb pijama a l&#8217;escola vindreu. I entre classe i classe, una becaina fareu!<\/p>\n<p>\ud83c\udfa8 <strong>Dijous 27\/2:<\/strong> De cap a peus us pintareu. Com si f\u00f3ssiu obres d&#8217;art us vestireu!<\/p>\n<p>\ud83c\udfad <strong>Divendres 28\/2:<\/strong> Gran final esperem. Tots disfressats a l&#8217;escola ens trobarem! Que comenci la festa, la gresca i la xerinola!<\/p>\n<p>Aix\u00ed que ja ho sabeu, fam\u00edlies! Prepareu les vostres disfresses i veniu amb moltes ganes de gresca. Ser\u00e0 una setmana plena de color, somriures i moments m\u00e0gics. No hi podeu faltar!<\/p>\n<p><strong>Visca el Carnestoltes a la nostra escola!<\/strong> \ud83c\udf89<\/p>\n<p>&nbsp;<\/p>\n<h6 style=\"text-align: center;\">Per veure les fotografies, feu clic a la pestanya\u00a0<strong>FOTOS (imatge de la c\u00e0mera).<\/strong><\/h6>\n<h6 style=\"text-align: center;\">Recordeu que, per garantir la protecci\u00f3 de dades dels menors, haureu d\u2019introduir el codi d\u2019acc\u00e9s proporcionat.<\/h6>\n","protected":false},"excerpt":{"rendered":"<p>El Rei Carnestoltes ha arribat a l&#8217;escola per omplir-nos de festa i diversi\u00f3! Celebrarem una setmana plena d\u2019alegria, creativitat i moments inoblidables. Prepareu-vos per gaudir d\u2019una experi\u00e8ncia \u00fanica plena de color, somriures i xerinola! Visca el Carnestoltes! &hellip;  <a href=\"https:\/\/agora.xtec.cat\/ceip-jrj\/general\/el-rei-carnestoltes-ja-es-aqui\/\" title=\"Read El Rei Carnestoltes ja \u00e9s aqu\u00ed!\">Llegeix m\u00e9s\u00bb<\/a><\/p>\n","protected":false},"author":1,"featured_media":7367,"comment_status":"closed","ping_status":"closed","sticky":false,"template":"","format":"standard","meta":{"_bbp_topic_count":0,"_bbp_reply_count":0,"_bbp_total_topic_count":0,"_bbp_total_reply_count":0,"_bbp_voice_count":0,"_bbp_anonymous_reply_count":0,"_bbp_topic_count_hidden":0,"_bbp_reply_count_hidden":0,"_bbp_forum_subforum_count":0,"footnotes":""},"categories":[1,2,4,5],"tags":[],"class_list":["post-7366","post","type-post","status-publish","format-standard","has-post-thumbnail","hentry","category-general","category-infantil","category-portada","category-primaria"],"post_mailing_queue_ids":[],"_links":{"self":[{"href":"https:\/\/agora.xtec.cat\/ceip-jrj\/wp-json\/wp\/v2\/posts\/7366","targetHints":{"allow":["GET"]}}],"collection":[{"href":"https:\/\/agora.xtec.cat\/ceip-jrj\/wp-json\/wp\/v2\/posts"}],"about":[{"href":"https:\/\/agora.xtec.cat\/ceip-jrj\/wp-json\/wp\/v2\/types\/post"}],"author":[{"embeddable":true,"href":"https:\/\/agora.xtec.cat\/ceip-jrj\/wp-json\/wp\/v2\/users\/1"}],"replies":[{"embeddable":true,"href":"https:\/\/agora.xtec.cat\/ceip-jrj\/wp-json\/wp\/v2\/comments?post=7366"}],"version-history":[{"count":6,"href":"https:\/\/agora.xtec.cat\/ceip-jrj\/wp-json\/wp\/v2\/posts\/7366\/revisions"}],"predecessor-version":[{"id":7374,"href":"https:\/\/agora.xtec.cat\/ceip-jrj\/wp-json\/wp\/v2\/posts\/7366\/revisions\/7374"}],"wp:featuredmedia":[{"embeddable":true,"href":"https:\/\/agora.xtec.cat\/ceip-jrj\/wp-json\/wp\/v2\/media\/7367"}],"wp:attachment":[{"href":"https:\/\/agora.xtec.cat\/ceip-jrj\/wp-json\/wp\/v2\/media?parent=7366"}],"wp:term":[{"taxonomy":"category","embeddable":true,"href":"https:\/\/agora.xtec.cat\/ceip-jrj\/wp-json\/wp\/v2\/categories?post=7366"},{"taxonomy":"post_tag","embeddable":true,"href":"https:\/\/agora.xtec.cat\/ceip-jrj\/wp-json\/wp\/v2\/tags?post=7366"}],"curies":[{"name":"wp","href":"https:\/\/api.w.org\/{rel}","templated":true}]}}