{"id":7360,"date":"2025-02-14T16:05:48","date_gmt":"2025-02-14T15:05:48","guid":{"rendered":"https:\/\/agora.xtec.cat\/ceip-jrj\/?p=7360"},"modified":"2025-02-14T16:05:48","modified_gmt":"2025-02-14T15:05:48","slug":"2n-programa-de-la-radio-de-lescola-especial-denip","status":"publish","type":"post","link":"https:\/\/agora.xtec.cat\/ceip-jrj\/general\/2n-programa-de-la-radio-de-lescola-especial-denip\/","title":{"rendered":"2n Programa de la R\u00e0dio de l\u2019Escola: Especial DENIP"},"content":{"rendered":"<p data-start=\"69\" data-end=\"229\">Ja podeu escoltar el <strong data-start=\"90\" data-end=\"132\">segon programa de la r\u00e0dio de l\u2019escola <\/strong>a l&#8217;apartat fotos de la web, un episodi molt especial dedicat al <strong data-start=\"170\" data-end=\"221\">DENIP (Dia Escolar de la No-viol\u00e8ncia i la Pau)<\/strong>.<\/p>\n<p data-start=\"231\" data-end=\"472\">En aquest programa, les nostres locutores han treballat de valent per oferir-nos un contingut ple de <strong data-start=\"332\" data-end=\"371\">reflexions, entrevistes i missatges<\/strong> que ens ajuden a entendre millor la import\u00e0ncia de la pau i la conviv\u00e8ncia en el nostre dia a dia.<\/p>\n<p data-start=\"474\" data-end=\"771\">El <strong data-start=\"477\" data-end=\"486\">DENIP<\/strong>, que se celebra el <strong data-start=\"506\" data-end=\"521\">30 de gener<\/strong>, \u00e9s una jornada que ens recorda el valor del respecte, la solidaritat i el di\u00e0leg per resoldre els conflictes de manera pac\u00edfica. Des de l\u2019escola, ens sumem a aquesta iniciativa amb activitats que fomenten aquests valors entre els nostres alumnes.<\/p>\n<p data-start=\"826\" data-end=\"898\">Esperem que us agradi i que el missatge de pau arribi ben lluny!<\/p>\n","protected":false},"excerpt":{"rendered":"<p>Nou programa de la r\u00e0dio de l\u2019escola! Aquest segon episodi est\u00e0 dedicat al DENIP (Dia Escolar de la No-viol\u00e8ncia i la Pau), amb reflexions, entrevistes i missatges per fomentar la conviv\u00e8ncia i el respecte.&hellip;  <a href=\"https:\/\/agora.xtec.cat\/ceip-jrj\/general\/2n-programa-de-la-radio-de-lescola-especial-denip\/\" title=\"Read 2n Programa de la R\u00e0dio de l\u2019Escola: Especial DENIP\">Llegeix m\u00e9s\u00bb<\/a><\/p>\n","protected":false},"author":1,"featured_media":7361,"comment_status":"closed","ping_status":"closed","sticky":false,"template":"","format":"standard","meta":{"_bbp_topic_count":0,"_bbp_reply_count":0,"_bbp_total_topic_count":0,"_bbp_total_reply_count":0,"_bbp_voice_count":0,"_bbp_anonymous_reply_count":0,"_bbp_topic_count_hidden":0,"_bbp_reply_count_hidden":0,"_bbp_forum_subforum_count":0,"footnotes":""},"categories":[15,1,2,4,5],"tags":[],"class_list":["post-7360","post","type-post","status-publish","format-standard","has-post-thumbnail","hentry","category-6e","category-general","category-infantil","category-portada","category-primaria"],"post_mailing_queue_ids":[],"_links":{"self":[{"href":"https:\/\/agora.xtec.cat\/ceip-jrj\/wp-json\/wp\/v2\/posts\/7360","targetHints":{"allow":["GET"]}}],"collection":[{"href":"https:\/\/agora.xtec.cat\/ceip-jrj\/wp-json\/wp\/v2\/posts"}],"about":[{"href":"https:\/\/agora.xtec.cat\/ceip-jrj\/wp-json\/wp\/v2\/types\/post"}],"author":[{"embeddable":true,"href":"https:\/\/agora.xtec.cat\/ceip-jrj\/wp-json\/wp\/v2\/users\/1"}],"replies":[{"embeddable":true,"href":"https:\/\/agora.xtec.cat\/ceip-jrj\/wp-json\/wp\/v2\/comments?post=7360"}],"version-history":[{"count":1,"href":"https:\/\/agora.xtec.cat\/ceip-jrj\/wp-json\/wp\/v2\/posts\/7360\/revisions"}],"predecessor-version":[{"id":7362,"href":"https:\/\/agora.xtec.cat\/ceip-jrj\/wp-json\/wp\/v2\/posts\/7360\/revisions\/7362"}],"wp:featuredmedia":[{"embeddable":true,"href":"https:\/\/agora.xtec.cat\/ceip-jrj\/wp-json\/wp\/v2\/media\/7361"}],"wp:attachment":[{"href":"https:\/\/agora.xtec.cat\/ceip-jrj\/wp-json\/wp\/v2\/media?parent=7360"}],"wp:term":[{"taxonomy":"category","embeddable":true,"href":"https:\/\/agora.xtec.cat\/ceip-jrj\/wp-json\/wp\/v2\/categories?post=7360"},{"taxonomy":"post_tag","embeddable":true,"href":"https:\/\/agora.xtec.cat\/ceip-jrj\/wp-json\/wp\/v2\/tags?post=7360"}],"curies":[{"name":"wp","href":"https:\/\/api.w.org\/{rel}","templated":true}]}}