{"id":7319,"date":"2025-02-07T17:40:39","date_gmt":"2025-02-07T16:40:39","guid":{"rendered":"https:\/\/agora.xtec.cat\/ceip-jrj\/?p=7319"},"modified":"2025-02-07T17:40:39","modified_gmt":"2025-02-07T16:40:39","slug":"preparant-el-carnaval-amb-les-families","status":"publish","type":"post","link":"https:\/\/agora.xtec.cat\/ceip-jrj\/general\/preparant-el-carnaval-amb-les-families\/","title":{"rendered":"Preparant el Carnaval amb les Fam\u00edlies!"},"content":{"rendered":"<p><img loading=\"lazy\" decoding=\"async\" class=\" wp-image-7320 alignleft\" src=\"https:\/\/agora.xtec.cat\/ceip-jrj\/wp-content\/uploads\/usu280\/2025\/02\/28535402-742d-4aeb-85b8-18ce0fa69c44.jpg\" alt=\"\" width=\"324\" height=\"243\" srcset=\"https:\/\/agora.xtec.cat\/ceip-jrj\/wp-content\/uploads\/usu280\/2025\/02\/28535402-742d-4aeb-85b8-18ce0fa69c44.jpg 1600w, https:\/\/agora.xtec.cat\/ceip-jrj\/wp-content\/uploads\/usu280\/2025\/02\/28535402-742d-4aeb-85b8-18ce0fa69c44-300x225.jpg 300w, https:\/\/agora.xtec.cat\/ceip-jrj\/wp-content\/uploads\/usu280\/2025\/02\/28535402-742d-4aeb-85b8-18ce0fa69c44-1024x768.jpg 1024w, https:\/\/agora.xtec.cat\/ceip-jrj\/wp-content\/uploads\/usu280\/2025\/02\/28535402-742d-4aeb-85b8-18ce0fa69c44-768x576.jpg 768w, https:\/\/agora.xtec.cat\/ceip-jrj\/wp-content\/uploads\/usu280\/2025\/02\/28535402-742d-4aeb-85b8-18ce0fa69c44-1536x1152.jpg 1536w, https:\/\/agora.xtec.cat\/ceip-jrj\/wp-content\/uploads\/usu280\/2025\/02\/28535402-742d-4aeb-85b8-18ce0fa69c44-200x150.jpg 200w\" sizes=\"auto, (max-width: 324px) 100vw, 324px\" \/>El Carnaval \u00e9s una de les festes m\u00e9s esperades per tota la comunitat educativa, i aquest any ser\u00e0 encara m\u00e9s especial gr\u00e0cies a la participaci\u00f3 de les fam\u00edlies del nostre alumnat. Amb il\u00b7lusi\u00f3 i esfor\u00e7, mares, pares i altres familiars estan col\u00b7laborant en la confecci\u00f3 de les disfresses, aportant creativitat i dedicaci\u00f3 per fer que aquesta celebraci\u00f3 sigui tot un \u00e8xit.<\/p>\n<p>A l&#8217;escola, cada classe es vestir\u00e0 d&#8217;un animal diferent en perill d&#8217;extinci\u00f3, i les fam\u00edlies estan contribuint amb materials, idees i fins i tot ajudant en la seva elaboraci\u00f3. Aquesta col\u00b7laboraci\u00f3 ha estat una gran oportunitat per refor\u00e7ar els lla\u00e7os entre la comunitat educativa i transmetre als infants el valor del treball en equip i la import\u00e0ncia de compartir moments especials.<\/p>\n<p>Volem agrair a totes les fam\u00edlies que fan possible aquest projecte amb la seva dedicaci\u00f3 i entusiasme. Gr\u00e0cies al vostre suport, aquest Carnaval ser\u00e0 inoblidable per a tots els nens i nenes de l&#8217;escola!<\/p>\n<p>&nbsp;<\/p>\n<h6 style=\"text-align: center;\">Per veure les fotografies, feu clic a la pestanya\u00a0<strong>FOTOS (imatge de la c\u00e0mera).<\/strong><\/h6>\n<h6 style=\"text-align: center;\">Recordeu que, per garantir la protecci\u00f3 de dades dels menors, haureu d\u2019introduir el codi d\u2019acc\u00e9s proporcionat.<\/h6>\n","protected":false},"excerpt":{"rendered":"<p>El Carnaval ser\u00e0 m\u00e9s especial aquest any gr\u00e0cies a la participaci\u00f3 activa de les fam\u00edlies en la confecci\u00f3 de les disfresses, fomentant el treball en equip i els lla\u00e7os dins la comunitat educativa.&hellip;  <a href=\"https:\/\/agora.xtec.cat\/ceip-jrj\/general\/preparant-el-carnaval-amb-les-families\/\" title=\"Read Preparant el Carnaval amb les Fam\u00edlies!\">Llegeix m\u00e9s\u00bb<\/a><\/p>\n","protected":false},"author":1,"featured_media":7321,"comment_status":"closed","ping_status":"closed","sticky":false,"template":"","format":"standard","meta":{"_bbp_topic_count":0,"_bbp_reply_count":0,"_bbp_total_topic_count":0,"_bbp_total_reply_count":0,"_bbp_voice_count":0,"_bbp_anonymous_reply_count":0,"_bbp_topic_count_hidden":0,"_bbp_reply_count_hidden":0,"_bbp_forum_subforum_count":0,"footnotes":""},"categories":[1,2,4,5],"tags":[],"class_list":["post-7319","post","type-post","status-publish","format-standard","has-post-thumbnail","hentry","category-general","category-infantil","category-portada","category-primaria"],"post_mailing_queue_ids":[],"_links":{"self":[{"href":"https:\/\/agora.xtec.cat\/ceip-jrj\/wp-json\/wp\/v2\/posts\/7319","targetHints":{"allow":["GET"]}}],"collection":[{"href":"https:\/\/agora.xtec.cat\/ceip-jrj\/wp-json\/wp\/v2\/posts"}],"about":[{"href":"https:\/\/agora.xtec.cat\/ceip-jrj\/wp-json\/wp\/v2\/types\/post"}],"author":[{"embeddable":true,"href":"https:\/\/agora.xtec.cat\/ceip-jrj\/wp-json\/wp\/v2\/users\/1"}],"replies":[{"embeddable":true,"href":"https:\/\/agora.xtec.cat\/ceip-jrj\/wp-json\/wp\/v2\/comments?post=7319"}],"version-history":[{"count":3,"href":"https:\/\/agora.xtec.cat\/ceip-jrj\/wp-json\/wp\/v2\/posts\/7319\/revisions"}],"predecessor-version":[{"id":7326,"href":"https:\/\/agora.xtec.cat\/ceip-jrj\/wp-json\/wp\/v2\/posts\/7319\/revisions\/7326"}],"wp:featuredmedia":[{"embeddable":true,"href":"https:\/\/agora.xtec.cat\/ceip-jrj\/wp-json\/wp\/v2\/media\/7321"}],"wp:attachment":[{"href":"https:\/\/agora.xtec.cat\/ceip-jrj\/wp-json\/wp\/v2\/media?parent=7319"}],"wp:term":[{"taxonomy":"category","embeddable":true,"href":"https:\/\/agora.xtec.cat\/ceip-jrj\/wp-json\/wp\/v2\/categories?post=7319"},{"taxonomy":"post_tag","embeddable":true,"href":"https:\/\/agora.xtec.cat\/ceip-jrj\/wp-json\/wp\/v2\/tags?post=7319"}],"curies":[{"name":"wp","href":"https:\/\/api.w.org\/{rel}","templated":true}]}}