{"id":7296,"date":"2025-02-05T10:46:54","date_gmt":"2025-02-05T09:46:54","guid":{"rendered":"https:\/\/agora.xtec.cat\/ceip-jrj\/?p=7296"},"modified":"2025-02-05T10:46:54","modified_gmt":"2025-02-05T09:46:54","slug":"exit-de-la-xocolatada-solidaria-a-la-nostra-escola","status":"publish","type":"post","link":"https:\/\/agora.xtec.cat\/ceip-jrj\/general\/exit-de-la-xocolatada-solidaria-a-la-nostra-escola\/","title":{"rendered":"\u00c8xit de la Xocolatada Solid\u00e0ria a la nostra escola"},"content":{"rendered":"<p style=\"text-align: left;\" data-pm-slice=\"1 1 []\"><a href=\"https:\/\/agora.xtec.cat\/ceip-jrj\/wp-content\/uploads\/usu280\/2025\/02\/Sin-titulo.png\"><img loading=\"lazy\" decoding=\"async\" class=\" wp-image-7269 alignleft\" src=\"https:\/\/agora.xtec.cat\/ceip-jrj\/wp-content\/uploads\/usu280\/2025\/02\/Sin-titulo.png\" alt=\"\" width=\"271\" height=\"388\" srcset=\"https:\/\/agora.xtec.cat\/ceip-jrj\/wp-content\/uploads\/usu280\/2025\/02\/Sin-titulo.png 688w, https:\/\/agora.xtec.cat\/ceip-jrj\/wp-content\/uploads\/usu280\/2025\/02\/Sin-titulo-209x300.png 209w\" sizes=\"auto, (max-width: 271px) 100vw, 271px\" \/><\/a>Divendres 31 de gener a la tarda, la nostra escola va acollir una jornada molt especial: la <em>Xocolatada Solid\u00e0ria<\/em> organitzada per recollir fons per als damnificats per la DANA. L&#8217;esdeveniment ha estat un \u00e8xit rotund, gr\u00e0cies a la participaci\u00f3 i implicaci\u00f3 de tota la comunitat educativa, que una vegada m\u00e9s ha demostrat el seu esperit solidari i gener\u00f3s.<\/p>\n<p style=\"text-align: left;\">La <em>Xocolatada Solid\u00e0ria<\/em> ha estat una de les moltes iniciatives que tenim per fomentar la cooperaci\u00f3 i el suport mutu dins la nostra comunitat. Aquesta vegada, el nostre objectiu era contribuir a alleujar les dificultats de les persones afectades per la DANA, i la resposta no ha pogut ser m\u00e9s positiva. Al llarg de la tarda, docents, fam\u00edlies i alumnat s\u2019han unit per gaudir d\u2019un moment de conviv\u00e8ncia alhora que donaven el seu suport a aquesta causa tan important.<\/p>\n<p style=\"text-align: left;\">Ens van acompanyar diferents regidors i regidores de l&#8217;Ajuntament, que van mostrar el seu agra\u00efment per la nostra implicaci\u00f3 en causes solid\u00e0ries. Volem agrair la col\u00b7laboraci\u00f3 de diversos representants de l&#8217;Associaci\u00f3 de Fam\u00edlies d&#8217;Alumnes (AFA), aix\u00ed com de l\u2019empresa Campos Estela, que va subministrar la coca i la xocolata que van delectar els assistents.<\/p>\n<p><strong>GR\u00c0CIES a tots i totes, hem aconseguit recaptar 908,77\u20ac!<\/strong> Aquests fons es destinaran a ajudar els pobles afectats per la DANA a trav\u00e9s dels canals que l&#8217;Ajuntament ha habilitat per a aquest fi. Per aquest motiu, farem\u00a0<strong>dos ingressos solidaris<\/strong>:<br \/>\n\u27a1\u00a0<strong>454,385\u20ac a C\u00c0RITAS<\/strong><br \/>\n\u27a1\u00a0<strong>454,385\u20ac a CREU ROJA<\/strong><\/p>\n<p style=\"text-align: left;\">Des de la direcci\u00f3 de l&#8217;escola, agra\u00efm de tot cor la col\u00b7laboraci\u00f3 de tots els que han fet possible aquesta iniciativa. Sens dubte, aquesta <em>Xocolatada Solid\u00e0ria<\/em> ser\u00e0 una tarda inoblidable per a tots nosaltres, no nom\u00e9s per la seva part m\u00e9s festiva, sin\u00f3 sobretot per la solidaritat i el comprom\u00eds social que ha demostrat la nostra comunitat educativa.<\/p>\n<h5 style=\"text-align: center;\"><strong>Gr\u00e0cies a tots i totes per fer-ho possible!<\/strong><\/h5>\n<h6 style=\"text-align: center;\">Per veure les fotografies, feu clic a la pestanya\u00a0<strong>FOTOS (imatge de la c\u00e0mera).<\/strong><\/h6>\n<h6 style=\"text-align: center;\">Recordeu que, per garantir la protecci\u00f3 de dades dels menors, haureu d\u2019introduir el codi d\u2019acc\u00e9s proporcionat.<\/h6>\n","protected":false},"excerpt":{"rendered":"<p>Divendres 31 de gener a la tarda, la nostra escola va acollir una jornada molt especial: la Xocolatada Solid\u00e0ria organitzada per recollir fons per als damnificats per la DANA.&hellip;  <a href=\"https:\/\/agora.xtec.cat\/ceip-jrj\/general\/exit-de-la-xocolatada-solidaria-a-la-nostra-escola\/\" title=\"Read \u00c8xit de la Xocolatada Solid\u00e0ria a la nostra escola\">Llegeix m\u00e9s\u00bb<\/a><\/p>\n","protected":false},"author":9,"featured_media":7269,"comment_status":"closed","ping_status":"closed","sticky":false,"template":"","format":"standard","meta":{"_bbp_topic_count":0,"_bbp_reply_count":0,"_bbp_total_topic_count":0,"_bbp_total_reply_count":0,"_bbp_voice_count":0,"_bbp_anonymous_reply_count":0,"_bbp_topic_count_hidden":0,"_bbp_reply_count_hidden":0,"_bbp_forum_subforum_count":0,"footnotes":""},"categories":[1,4],"tags":[],"class_list":["post-7296","post","type-post","status-publish","format-standard","has-post-thumbnail","hentry","category-general","category-portada"],"post_mailing_queue_ids":[],"_links":{"self":[{"href":"https:\/\/agora.xtec.cat\/ceip-jrj\/wp-json\/wp\/v2\/posts\/7296","targetHints":{"allow":["GET"]}}],"collection":[{"href":"https:\/\/agora.xtec.cat\/ceip-jrj\/wp-json\/wp\/v2\/posts"}],"about":[{"href":"https:\/\/agora.xtec.cat\/ceip-jrj\/wp-json\/wp\/v2\/types\/post"}],"author":[{"embeddable":true,"href":"https:\/\/agora.xtec.cat\/ceip-jrj\/wp-json\/wp\/v2\/users\/9"}],"replies":[{"embeddable":true,"href":"https:\/\/agora.xtec.cat\/ceip-jrj\/wp-json\/wp\/v2\/comments?post=7296"}],"version-history":[{"count":2,"href":"https:\/\/agora.xtec.cat\/ceip-jrj\/wp-json\/wp\/v2\/posts\/7296\/revisions"}],"predecessor-version":[{"id":7298,"href":"https:\/\/agora.xtec.cat\/ceip-jrj\/wp-json\/wp\/v2\/posts\/7296\/revisions\/7298"}],"wp:featuredmedia":[{"embeddable":true,"href":"https:\/\/agora.xtec.cat\/ceip-jrj\/wp-json\/wp\/v2\/media\/7269"}],"wp:attachment":[{"href":"https:\/\/agora.xtec.cat\/ceip-jrj\/wp-json\/wp\/v2\/media?parent=7296"}],"wp:term":[{"taxonomy":"category","embeddable":true,"href":"https:\/\/agora.xtec.cat\/ceip-jrj\/wp-json\/wp\/v2\/categories?post=7296"},{"taxonomy":"post_tag","embeddable":true,"href":"https:\/\/agora.xtec.cat\/ceip-jrj\/wp-json\/wp\/v2\/tags?post=7296"}],"curies":[{"name":"wp","href":"https:\/\/api.w.org\/{rel}","templated":true}]}}