{"id":7287,"date":"2025-02-05T05:42:15","date_gmt":"2025-02-05T04:42:15","guid":{"rendered":"https:\/\/agora.xtec.cat\/ceip-jrj\/?p=7287"},"modified":"2025-02-05T20:08:31","modified_gmt":"2025-02-05T19:08:31","slug":"ja-estem-en-marxa-per-al-carnaval","status":"publish","type":"post","link":"https:\/\/agora.xtec.cat\/ceip-jrj\/general\/ja-estem-en-marxa-per-al-carnaval\/","title":{"rendered":"Ja estem en marxa per al Carnaval!"},"content":{"rendered":"<p><span style=\"font-weight: 400;\"><img loading=\"lazy\" decoding=\"async\" class=\" wp-image-7289 alignleft\" src=\"https:\/\/agora.xtec.cat\/ceip-jrj\/wp-content\/uploads\/usu280\/2025\/02\/0ce13b55-bdd9-4d6f-a8f9-74d31ff3d232.jpg\" alt=\"\" width=\"378\" height=\"269\" srcset=\"https:\/\/agora.xtec.cat\/ceip-jrj\/wp-content\/uploads\/usu280\/2025\/02\/0ce13b55-bdd9-4d6f-a8f9-74d31ff3d232.jpg 740w, https:\/\/agora.xtec.cat\/ceip-jrj\/wp-content\/uploads\/usu280\/2025\/02\/0ce13b55-bdd9-4d6f-a8f9-74d31ff3d232-300x213.jpg 300w\" sizes=\"auto, (max-width: 378px) 100vw, 378px\" \/>Aquesta setmana hem donat el tret de sortida als preparatius del <\/span><b>Carnaval<\/b><span style=\"font-weight: 400;\"> a la nostra escola! Un dels moments m\u00e9s especials d\u2019aquest proc\u00e9s \u00e9s la creaci\u00f3 de les disfresses, i aquest any ho fem amb l&#8217;ajuda i la il\u00b7lusi\u00f3 de moltes fam\u00edlies.<\/span><\/p>\n<p><span style=\"font-weight: 400;\">Les fam\u00edlies del <\/span>cicle superior<span style=\"font-weight: 400;\"> han estat les primeres a col\u00b7laborar. Ha estat una jornada plena de creativitat, companyonia i treball en equip, on petits i grans hem compartit una experi\u00e8ncia \u00fanica.\u00a0<\/span><\/p>\n<p><span style=\"font-weight: 400;\">Per\u00f2 aix\u00f2 no acaba aqu\u00ed! <\/span><b>Al llarg del mes de febrer, continuarem comptant amb la participaci\u00f3 de m\u00e9s fam\u00edlies<\/b><span style=\"font-weight: 400;\">, que ens ajudaran a preparar els \u00faltims detalls per lluir unes disfresses espectaculars.<\/span><\/p>\n<p style=\"text-align: center;\">Moltes gr\u00e0cies a totes les fam\u00edlies per la vostra implicaci\u00f3! Sense vosaltres, aquesta festa no seria possible.<\/p>\n<h6 style=\"text-align: center;\">Per veure les fotografies, feu clic a la pestanya\u00a0<strong>FOTOS (imatge de la c\u00e0mera).<\/strong><\/h6>\n<h6 style=\"text-align: center;\">Recordeu que, per garantir la protecci\u00f3 de dades dels menors, haureu d\u2019introduir el codi d\u2019acc\u00e9s proporcionat.<\/h6>\n","protected":false},"excerpt":{"rendered":"<p>Aquesta setmana hem donat el tret de sortida als preparatius del Carnaval a la nostra escola! Un dels moments m\u00e9s especials d\u2019aquest proc\u00e9s \u00e9s la creaci\u00f3 de les disfresses, i aquest any ho fem amb l&#8217;ajuda i la il\u00b7lusi\u00f3 de moltes fam\u00edlies.&hellip;  <a href=\"https:\/\/agora.xtec.cat\/ceip-jrj\/general\/ja-estem-en-marxa-per-al-carnaval\/\" title=\"Read Ja estem en marxa per al Carnaval!\">Llegeix m\u00e9s\u00bb<\/a><\/p>\n","protected":false},"author":1,"featured_media":7288,"comment_status":"closed","ping_status":"closed","sticky":false,"template":"","format":"standard","meta":{"_bbp_topic_count":0,"_bbp_reply_count":0,"_bbp_total_topic_count":0,"_bbp_total_reply_count":0,"_bbp_voice_count":0,"_bbp_anonymous_reply_count":0,"_bbp_topic_count_hidden":0,"_bbp_reply_count_hidden":0,"_bbp_forum_subforum_count":0,"footnotes":""},"categories":[1,2,4,5],"tags":[],"class_list":["post-7287","post","type-post","status-publish","format-standard","has-post-thumbnail","hentry","category-general","category-infantil","category-portada","category-primaria"],"post_mailing_queue_ids":[],"_links":{"self":[{"href":"https:\/\/agora.xtec.cat\/ceip-jrj\/wp-json\/wp\/v2\/posts\/7287","targetHints":{"allow":["GET"]}}],"collection":[{"href":"https:\/\/agora.xtec.cat\/ceip-jrj\/wp-json\/wp\/v2\/posts"}],"about":[{"href":"https:\/\/agora.xtec.cat\/ceip-jrj\/wp-json\/wp\/v2\/types\/post"}],"author":[{"embeddable":true,"href":"https:\/\/agora.xtec.cat\/ceip-jrj\/wp-json\/wp\/v2\/users\/1"}],"replies":[{"embeddable":true,"href":"https:\/\/agora.xtec.cat\/ceip-jrj\/wp-json\/wp\/v2\/comments?post=7287"}],"version-history":[{"count":6,"href":"https:\/\/agora.xtec.cat\/ceip-jrj\/wp-json\/wp\/v2\/posts\/7287\/revisions"}],"predecessor-version":[{"id":7308,"href":"https:\/\/agora.xtec.cat\/ceip-jrj\/wp-json\/wp\/v2\/posts\/7287\/revisions\/7308"}],"wp:featuredmedia":[{"embeddable":true,"href":"https:\/\/agora.xtec.cat\/ceip-jrj\/wp-json\/wp\/v2\/media\/7288"}],"wp:attachment":[{"href":"https:\/\/agora.xtec.cat\/ceip-jrj\/wp-json\/wp\/v2\/media?parent=7287"}],"wp:term":[{"taxonomy":"category","embeddable":true,"href":"https:\/\/agora.xtec.cat\/ceip-jrj\/wp-json\/wp\/v2\/categories?post=7287"},{"taxonomy":"post_tag","embeddable":true,"href":"https:\/\/agora.xtec.cat\/ceip-jrj\/wp-json\/wp\/v2\/tags?post=7287"}],"curies":[{"name":"wp","href":"https:\/\/api.w.org\/{rel}","templated":true}]}}