{"id":7250,"date":"2025-01-30T13:47:34","date_gmt":"2025-01-30T12:47:34","guid":{"rendered":"https:\/\/agora.xtec.cat\/ceip-jrj\/?p=7250"},"modified":"2025-01-30T13:47:34","modified_gmt":"2025-01-30T12:47:34","slug":"encaixem-records-un-viatge-literari-a-traves-del-temps","status":"publish","type":"post","link":"https:\/\/agora.xtec.cat\/ceip-jrj\/general\/encaixem-records-un-viatge-literari-a-traves-del-temps\/","title":{"rendered":"Encaixem records: Un viatge literari a trav\u00e9s del temps"},"content":{"rendered":"<p><img decoding=\"async\" class=\"alignnone size-full wp-image-7251\" src=\"https:\/\/agora.xtec.cat\/ceip-jrj\/wp-content\/uploads\/usu280\/2025\/01\/IMG_6300.heic\" alt=\"\" \/> <img loading=\"lazy\" decoding=\"async\" class=\" wp-image-7252 alignleft\" src=\"https:\/\/agora.xtec.cat\/ceip-jrj\/wp-content\/uploads\/usu280\/2025\/01\/Sin-titulo.png\" alt=\"\" width=\"238\" height=\"302\" srcset=\"https:\/\/agora.xtec.cat\/ceip-jrj\/wp-content\/uploads\/usu280\/2025\/01\/Sin-titulo.png 552w, https:\/\/agora.xtec.cat\/ceip-jrj\/wp-content\/uploads\/usu280\/2025\/01\/Sin-titulo-237x300.png 237w\" sizes=\"auto, (max-width: 238px) 100vw, 238px\" \/><span style=\"font-family: inherit; font-size: 1em;\">L&#8217;alumnat de 3r ha gaudit d&#8217;una activitat preciosa de lectura plena d&#8217;hist\u00f2ria. A trav\u00e9s d&#8217;un conte m\u00e0gic i ple de valors, han pogut con\u00e8ixer an\u00e8cdotes del passat de molts avis i besavis i han descobert com poder guardar records i elaborar un diari quan no se sap escriure. Obrir cadascuna de les capses ha estat molt emocionant!<\/span><\/p>\n<p>Gr\u00e0cies a activitats d&#8217;aquest tipus ens apropem a la m\u00e0gia de la lectura, que ens permet fer viatges en l&#8217;espai\u00a0i en el temps. Aquesta proposta ha servit\u00a0als alumnes per connectar amb els seus avantpassats d&#8217;una manera m\u00e9s visual, tot descobrir en contingut d&#8217;unes capses de llumins plenes de records. A partir d&#8217;aqu\u00ed, el conte ens permet aprofitar per treballar tamb\u00e9 l&#8217;expressi\u00f3 oral i escrita, tot creant i explicant les nostres pr\u00f2pies hist\u00f2ries.<\/p>\n<h6 style=\"text-align: center;\">Per veure les fotografies, feu clic a la pestanya\u00a0<strong>FOTOS (imatge de la c\u00e0mera).<\/strong><\/h6>\n<h6 style=\"text-align: center;\">Recordeu que, per garantir la protecci\u00f3 de dades dels menors, haureu d\u2019introduir el codi d\u2019acc\u00e9s proporcionat.<\/h6>\n","protected":false},"excerpt":{"rendered":"<p>L&#8217;alumnat de 3r ha gaudit d&#8217;una activitat preciosa de lectura plena d&#8217;hist\u00f2ria. A trav\u00e9s d&#8217;un conte m\u00e0gic i ple de valors, han pogut con\u00e8ixer an\u00e8cdotes del passat de molts avis i besavis i han descobert com poder guardar records i elaborar un diari quan no se sap escriure. &hellip;  <a href=\"https:\/\/agora.xtec.cat\/ceip-jrj\/general\/encaixem-records-un-viatge-literari-a-traves-del-temps\/\" title=\"Read Encaixem records: Un viatge literari a trav\u00e9s del temps\">Llegeix m\u00e9s\u00bb<\/a><\/p>\n","protected":false},"author":1,"featured_media":7255,"comment_status":"closed","ping_status":"closed","sticky":false,"template":"","format":"standard","meta":{"_bbp_topic_count":0,"_bbp_reply_count":0,"_bbp_total_topic_count":0,"_bbp_total_reply_count":0,"_bbp_voice_count":0,"_bbp_anonymous_reply_count":0,"_bbp_topic_count_hidden":0,"_bbp_reply_count_hidden":0,"_bbp_forum_subforum_count":0,"footnotes":""},"categories":[12,1,4,5],"tags":[],"class_list":["post-7250","post","type-post","status-publish","format-standard","has-post-thumbnail","hentry","category-3r","category-general","category-portada","category-primaria"],"post_mailing_queue_ids":[],"_links":{"self":[{"href":"https:\/\/agora.xtec.cat\/ceip-jrj\/wp-json\/wp\/v2\/posts\/7250","targetHints":{"allow":["GET"]}}],"collection":[{"href":"https:\/\/agora.xtec.cat\/ceip-jrj\/wp-json\/wp\/v2\/posts"}],"about":[{"href":"https:\/\/agora.xtec.cat\/ceip-jrj\/wp-json\/wp\/v2\/types\/post"}],"author":[{"embeddable":true,"href":"https:\/\/agora.xtec.cat\/ceip-jrj\/wp-json\/wp\/v2\/users\/1"}],"replies":[{"embeddable":true,"href":"https:\/\/agora.xtec.cat\/ceip-jrj\/wp-json\/wp\/v2\/comments?post=7250"}],"version-history":[{"count":3,"href":"https:\/\/agora.xtec.cat\/ceip-jrj\/wp-json\/wp\/v2\/posts\/7250\/revisions"}],"predecessor-version":[{"id":7256,"href":"https:\/\/agora.xtec.cat\/ceip-jrj\/wp-json\/wp\/v2\/posts\/7250\/revisions\/7256"}],"wp:featuredmedia":[{"embeddable":true,"href":"https:\/\/agora.xtec.cat\/ceip-jrj\/wp-json\/wp\/v2\/media\/7255"}],"wp:attachment":[{"href":"https:\/\/agora.xtec.cat\/ceip-jrj\/wp-json\/wp\/v2\/media?parent=7250"}],"wp:term":[{"taxonomy":"category","embeddable":true,"href":"https:\/\/agora.xtec.cat\/ceip-jrj\/wp-json\/wp\/v2\/categories?post=7250"},{"taxonomy":"post_tag","embeddable":true,"href":"https:\/\/agora.xtec.cat\/ceip-jrj\/wp-json\/wp\/v2\/tags?post=7250"}],"curies":[{"name":"wp","href":"https:\/\/api.w.org\/{rel}","templated":true}]}}