{"id":7239,"date":"2025-01-27T11:06:07","date_gmt":"2025-01-27T10:06:07","guid":{"rendered":"https:\/\/agora.xtec.cat\/ceip-jrj\/?p=7239"},"modified":"2025-01-27T11:09:22","modified_gmt":"2025-01-27T10:09:22","slug":"fomentant-un-entorn-segur-taller-sobre-assetjament-escolar","status":"publish","type":"post","link":"https:\/\/agora.xtec.cat\/ceip-jrj\/general\/fomentant-un-entorn-segur-taller-sobre-assetjament-escolar\/","title":{"rendered":"Fomentant un entorn segur: Taller sobre assetjament escolar"},"content":{"rendered":"<p><img loading=\"lazy\" decoding=\"async\" class=\"wp-image-7244 alignleft\" src=\"https:\/\/agora.xtec.cat\/ceip-jrj\/wp-content\/uploads\/usu280\/2025\/01\/4-7-1.jpg\" alt=\"\" width=\"292\" height=\"190\" srcset=\"https:\/\/agora.xtec.cat\/ceip-jrj\/wp-content\/uploads\/usu280\/2025\/01\/4-7-1.jpg 1246w, https:\/\/agora.xtec.cat\/ceip-jrj\/wp-content\/uploads\/usu280\/2025\/01\/4-7-1-300x195.jpg 300w, https:\/\/agora.xtec.cat\/ceip-jrj\/wp-content\/uploads\/usu280\/2025\/01\/4-7-1-1024x666.jpg 1024w, https:\/\/agora.xtec.cat\/ceip-jrj\/wp-content\/uploads\/usu280\/2025\/01\/4-7-1-768x499.jpg 768w\" sizes=\"auto, (max-width: 292px) 100vw, 292px\" \/>L&#8217;alumnat de <strong>5\u00e8 A, B i C<\/strong>\u00a0ha participat en un taller sobre\u00a0<strong>l\u2019assetjament entre iguals<\/strong>, una activitat essencial per fomentar un entorn escolar segur i respectu\u00f3s.<\/p>\n<p>De la m\u00e0 dels agents locals que han dut a terme la din\u00e0mica, els nostres alumnes han apr\u00e8s a identificar les diferents formes d\u2019assetjament, a comprendre les seves conseq\u00fc\u00e8ncies i, el m\u00e9s important, a actuar per prevenir-lo i combatre\u2019l. Mitjan\u00e7ant din\u00e0miques participatives, han treballat valors com <strong>l\u2019empatia, la solidaritat i el respecte<\/strong>.<\/p>\n<p>A l\u2019escola treballem per construir una\u00a0<strong>comunitat educativa on tothom se senti respectat i protegit<\/strong>. Recordem als nostres alumnes que\u00a0<strong>si detectem una situaci\u00f3 d\u2019assetjament, no hem de callar: parlar i demanar ajuda \u00e9s el primer pas per frenar-lo!<\/strong><\/p>\n<h6 style=\"text-align: center;\">Per veure les fotografies, feu clic a la pestanya\u00a0<strong>FOTOS (imatge de la c\u00e0mera).<\/strong><\/h6>\n<h6 style=\"text-align: center;\">Recordeu que, per garantir la protecci\u00f3 de dades dels menors, haureu d\u2019introduir el codi d\u2019acc\u00e9s proporcionat.<\/h6>\n","protected":false},"excerpt":{"rendered":"<p>L&#8217;alumnat de 5\u00e8 A, B i C\u00a0ha participat en un taller sobre\u00a0l\u2019assetjament entre iguals, una activitat essencial per fomentar un entorn escolar segur i respectu\u00f3s.&hellip;  <a href=\"https:\/\/agora.xtec.cat\/ceip-jrj\/general\/fomentant-un-entorn-segur-taller-sobre-assetjament-escolar\/\" title=\"Read Fomentant un entorn segur: Taller sobre assetjament escolar\">Llegeix m\u00e9s\u00bb<\/a><\/p>\n","protected":false},"author":1,"featured_media":7242,"comment_status":"closed","ping_status":"closed","sticky":false,"template":"","format":"standard","meta":{"_bbp_topic_count":0,"_bbp_reply_count":0,"_bbp_total_topic_count":0,"_bbp_total_reply_count":0,"_bbp_voice_count":0,"_bbp_anonymous_reply_count":0,"_bbp_topic_count_hidden":0,"_bbp_reply_count_hidden":0,"_bbp_forum_subforum_count":0,"footnotes":""},"categories":[14,1,4,5],"tags":[],"class_list":["post-7239","post","type-post","status-publish","format-standard","has-post-thumbnail","hentry","category-5e","category-general","category-portada","category-primaria"],"post_mailing_queue_ids":[],"_links":{"self":[{"href":"https:\/\/agora.xtec.cat\/ceip-jrj\/wp-json\/wp\/v2\/posts\/7239","targetHints":{"allow":["GET"]}}],"collection":[{"href":"https:\/\/agora.xtec.cat\/ceip-jrj\/wp-json\/wp\/v2\/posts"}],"about":[{"href":"https:\/\/agora.xtec.cat\/ceip-jrj\/wp-json\/wp\/v2\/types\/post"}],"author":[{"embeddable":true,"href":"https:\/\/agora.xtec.cat\/ceip-jrj\/wp-json\/wp\/v2\/users\/1"}],"replies":[{"embeddable":true,"href":"https:\/\/agora.xtec.cat\/ceip-jrj\/wp-json\/wp\/v2\/comments?post=7239"}],"version-history":[{"count":6,"href":"https:\/\/agora.xtec.cat\/ceip-jrj\/wp-json\/wp\/v2\/posts\/7239\/revisions"}],"predecessor-version":[{"id":7248,"href":"https:\/\/agora.xtec.cat\/ceip-jrj\/wp-json\/wp\/v2\/posts\/7239\/revisions\/7248"}],"wp:featuredmedia":[{"embeddable":true,"href":"https:\/\/agora.xtec.cat\/ceip-jrj\/wp-json\/wp\/v2\/media\/7242"}],"wp:attachment":[{"href":"https:\/\/agora.xtec.cat\/ceip-jrj\/wp-json\/wp\/v2\/media?parent=7239"}],"wp:term":[{"taxonomy":"category","embeddable":true,"href":"https:\/\/agora.xtec.cat\/ceip-jrj\/wp-json\/wp\/v2\/categories?post=7239"},{"taxonomy":"post_tag","embeddable":true,"href":"https:\/\/agora.xtec.cat\/ceip-jrj\/wp-json\/wp\/v2\/tags?post=7239"}],"curies":[{"name":"wp","href":"https:\/\/api.w.org\/{rel}","templated":true}]}}