{"id":7233,"date":"2025-01-23T10:06:51","date_gmt":"2025-01-23T09:06:51","guid":{"rendered":"https:\/\/agora.xtec.cat\/ceip-jrj\/?p=7233"},"modified":"2025-01-23T10:06:51","modified_gmt":"2025-01-23T09:06:51","slug":"larmari-de-lolivia-una-porta-a-la-imaginacio","status":"publish","type":"post","link":"https:\/\/agora.xtec.cat\/ceip-jrj\/general\/larmari-de-lolivia-una-porta-a-la-imaginacio\/","title":{"rendered":"L&#8217;Armari de l&#8217;Ol\u00edvia: Una porta a la imaginaci\u00f3"},"content":{"rendered":"<p><img loading=\"lazy\" decoding=\"async\" class=\"wp-image-7235 alignleft\" src=\"https:\/\/agora.xtec.cat\/ceip-jrj\/wp-content\/uploads\/usu280\/2025\/01\/Sense-titol.png\" alt=\"\" width=\"288\" height=\"243\" srcset=\"https:\/\/agora.xtec.cat\/ceip-jrj\/wp-content\/uploads\/usu280\/2025\/01\/Sense-titol.png 876w, https:\/\/agora.xtec.cat\/ceip-jrj\/wp-content\/uploads\/usu280\/2025\/01\/Sense-titol-300x253.png 300w, https:\/\/agora.xtec.cat\/ceip-jrj\/wp-content\/uploads\/usu280\/2025\/01\/Sense-titol-768x649.png 768w\" sizes=\"auto, (max-width: 288px) 100vw, 288px\" \/>La setmana passada, els dos grups de segon vam anar a la Biblioteca de Martorell Francesc Pujols, on vam poder gaudir d&#8217;una activitat de laboratori de lectura anomenada &#8220;L&#8217;armari de l&#8217;Ol\u00edvia&#8221;.<\/p>\n<p>A la sala d&#8217;actes ens van presentar a l\u2019Ol\u00edvia, una protagonista molt especial que t\u00e9 milers de contes en molt\u00edssims idiomes. Despr\u00e9s de con\u00e8ixer-la, vam poder gaudir d&#8217;una estona de lectura en petits grups per con\u00e8ixer-la de m\u00e9s a prop. Un cop descobertes algunes de les seves aventures, vam poder caracteritzar la nostra protagonista, fent-li l&#8217;outfit adequat per les festes on ens havien convidat!<\/p>\n<p>Un mat\u00ed entretingut on vam poder comprovar que la lectura t\u00e9 la capacitat de portar-nos a viure molt\u00edssimes aventures diferents! No podem acomiadar-nos sense animar-vos que torneu amb els vostres fills i filles a la Biblioteca a gaudir de temps de lectura!<\/p>\n<h6 style=\"text-align: center;\">Per veure les fotografies, feu clic a la pestanya\u00a0<strong>FOTOS (imatge de la c\u00e0mera).<\/strong><\/h6>\n<h6 style=\"text-align: center;\">Recordeu que, per garantir la protecci\u00f3 de dades dels menors, haureu d\u2019introduir el codi d\u2019acc\u00e9s proporcionat.<\/h6>\n","protected":false},"excerpt":{"rendered":"<p>La setmana passada, els dos grups de segon vam anar a la Biblioteca de Martorell Francesc Pujols, on vam poder gaudir d&#8217;una activitat de laboratori de lectura anomenada &#8220;L&#8217;armari de l&#8217;Ol\u00edvia&#8221;.&hellip;  <a href=\"https:\/\/agora.xtec.cat\/ceip-jrj\/general\/larmari-de-lolivia-una-porta-a-la-imaginacio\/\" title=\"Read L&#8217;Armari de l&#8217;Ol\u00edvia: Una porta a la imaginaci\u00f3\">Llegeix m\u00e9s\u00bb<\/a><\/p>\n","protected":false},"author":1,"featured_media":7234,"comment_status":"closed","ping_status":"closed","sticky":false,"template":"","format":"standard","meta":{"_bbp_topic_count":0,"_bbp_reply_count":0,"_bbp_total_topic_count":0,"_bbp_total_reply_count":0,"_bbp_voice_count":0,"_bbp_anonymous_reply_count":0,"_bbp_topic_count_hidden":0,"_bbp_reply_count_hidden":0,"_bbp_forum_subforum_count":0,"footnotes":""},"categories":[11,1,4,5],"tags":[],"class_list":["post-7233","post","type-post","status-publish","format-standard","has-post-thumbnail","hentry","category-2n","category-general","category-portada","category-primaria"],"post_mailing_queue_ids":[],"_links":{"self":[{"href":"https:\/\/agora.xtec.cat\/ceip-jrj\/wp-json\/wp\/v2\/posts\/7233","targetHints":{"allow":["GET"]}}],"collection":[{"href":"https:\/\/agora.xtec.cat\/ceip-jrj\/wp-json\/wp\/v2\/posts"}],"about":[{"href":"https:\/\/agora.xtec.cat\/ceip-jrj\/wp-json\/wp\/v2\/types\/post"}],"author":[{"embeddable":true,"href":"https:\/\/agora.xtec.cat\/ceip-jrj\/wp-json\/wp\/v2\/users\/1"}],"replies":[{"embeddable":true,"href":"https:\/\/agora.xtec.cat\/ceip-jrj\/wp-json\/wp\/v2\/comments?post=7233"}],"version-history":[{"count":2,"href":"https:\/\/agora.xtec.cat\/ceip-jrj\/wp-json\/wp\/v2\/posts\/7233\/revisions"}],"predecessor-version":[{"id":7237,"href":"https:\/\/agora.xtec.cat\/ceip-jrj\/wp-json\/wp\/v2\/posts\/7233\/revisions\/7237"}],"wp:featuredmedia":[{"embeddable":true,"href":"https:\/\/agora.xtec.cat\/ceip-jrj\/wp-json\/wp\/v2\/media\/7234"}],"wp:attachment":[{"href":"https:\/\/agora.xtec.cat\/ceip-jrj\/wp-json\/wp\/v2\/media?parent=7233"}],"wp:term":[{"taxonomy":"category","embeddable":true,"href":"https:\/\/agora.xtec.cat\/ceip-jrj\/wp-json\/wp\/v2\/categories?post=7233"},{"taxonomy":"post_tag","embeddable":true,"href":"https:\/\/agora.xtec.cat\/ceip-jrj\/wp-json\/wp\/v2\/tags?post=7233"}],"curies":[{"name":"wp","href":"https:\/\/api.w.org\/{rel}","templated":true}]}}