{"id":7197,"date":"2024-12-20T14:00:47","date_gmt":"2024-12-20T13:00:47","guid":{"rendered":"https:\/\/agora.xtec.cat\/ceip-jrj\/?p=7197"},"modified":"2024-12-20T13:08:13","modified_gmt":"2024-12-20T12:08:13","slug":"nadal-i-hivern-a-lescola-una-celebracio-plena-de-creativitat","status":"publish","type":"post","link":"https:\/\/agora.xtec.cat\/ceip-jrj\/general\/nadal-i-hivern-a-lescola-una-celebracio-plena-de-creativitat\/","title":{"rendered":"Nadal i Hivern a l&#8217;Escola: Una Celebraci\u00f3 Plena de Creativitat"},"content":{"rendered":"<p data-pm-slice=\"1 1 []\"><img loading=\"lazy\" decoding=\"async\" class=\"wp-image-7198 alignleft\" src=\"https:\/\/agora.xtec.cat\/ceip-jrj\/wp-content\/uploads\/usu280\/2024\/12\/IMG-20241209-WA0017.jpg\" alt=\"\" width=\"219\" height=\"164\" srcset=\"https:\/\/agora.xtec.cat\/ceip-jrj\/wp-content\/uploads\/usu280\/2024\/12\/IMG-20241209-WA0017.jpg 1600w, https:\/\/agora.xtec.cat\/ceip-jrj\/wp-content\/uploads\/usu280\/2024\/12\/IMG-20241209-WA0017-300x225.jpg 300w, https:\/\/agora.xtec.cat\/ceip-jrj\/wp-content\/uploads\/usu280\/2024\/12\/IMG-20241209-WA0017-1024x768.jpg 1024w, https:\/\/agora.xtec.cat\/ceip-jrj\/wp-content\/uploads\/usu280\/2024\/12\/IMG-20241209-WA0017-768x576.jpg 768w, https:\/\/agora.xtec.cat\/ceip-jrj\/wp-content\/uploads\/usu280\/2024\/12\/IMG-20241209-WA0017-1536x1152.jpg 1536w, https:\/\/agora.xtec.cat\/ceip-jrj\/wp-content\/uploads\/usu280\/2024\/12\/IMG-20241209-WA0017-200x150.jpg 200w\" sizes=\"auto, (max-width: 219px) 100vw, 219px\" \/>Aquest desembre, l\u2019alumnat de la nostra escola ha estat molt en\u00e8rgic i creatiu preparant decoracions i activitats nadalenques i d\u2019hivern. Els passadissos i les aules s\u2019han omplert d\u2019ambient festiu amb guarniments fets a m\u00e0, arbres de Nadal decorats amb molta cura i treballs manuals plens de colors i imaginaci\u00f3.<\/p>\n<p>A m\u00e9s de les decoracions, hem organitzat diverses activitats que han fet d\u2019aquestes setmanes un temps molt especial. Els alumnes han participat en tallers de manualitats, han cantat nadales i, per suposat, no han faltat els moments per explicar hist\u00f2ries d\u2019hivern i de Nadal, que han omplert les aules de m\u00e0gia i il\u00b7lusi\u00f3.<\/p>\n<p>Aquestes activitats han estat una gran oportunitat per fomentar el treball en equip, la creativitat i, sobretot, per gaudir junts d\u2019aquestes festes tan especials. Tant els mestres com l\u2019alumnat ens hem divertit molt i hem compartit moments inoblidables.<\/p>\n<p>Des de l\u2019escola, us volem desitjar a totes les fam\u00edlies unes molt bones festes i un feli\u00e7 any nou!<\/p>\n<p>Gr\u00e0cies per formar part d\u2019aquesta gran comunitat.<\/p>\n<p>&nbsp;<\/p>\n<h6 style=\"text-align: center;\">Per veure les fotografies, feu clic a la pestanya\u00a0<strong>FOTOS (imatge de la c\u00e0mera).<\/strong><\/h6>\n<h6 style=\"text-align: center;\">Recordeu que, per garantir la protecci\u00f3 de dades dels menors, haureu d\u2019introduir el codi d\u2019acc\u00e9s proporcionat.<\/h6>\n","protected":false},"excerpt":{"rendered":"<p>Aquest desembre, la nostra escola s\u2019ha omplert de m\u00e0gia amb decoracions i activitats nadalenques que han unit alumnat, mestres i fam\u00edlies en moments inoblidables. Bon Nadal i feli\u00e7 any nou! \ud83c\udf84&hellip;  <a href=\"https:\/\/agora.xtec.cat\/ceip-jrj\/general\/nadal-i-hivern-a-lescola-una-celebracio-plena-de-creativitat\/\" title=\"Read Nadal i Hivern a l&#8217;Escola: Una Celebraci\u00f3 Plena de Creativitat\">Llegeix m\u00e9s\u00bb<\/a><\/p>\n","protected":false},"author":1,"featured_media":7199,"comment_status":"closed","ping_status":"closed","sticky":false,"template":"","format":"standard","meta":{"_bbp_topic_count":0,"_bbp_reply_count":0,"_bbp_total_topic_count":0,"_bbp_total_reply_count":0,"_bbp_voice_count":0,"_bbp_anonymous_reply_count":0,"_bbp_topic_count_hidden":0,"_bbp_reply_count_hidden":0,"_bbp_forum_subforum_count":0,"footnotes":""},"categories":[1,2,4,5],"tags":[],"class_list":["post-7197","post","type-post","status-publish","format-standard","has-post-thumbnail","hentry","category-general","category-infantil","category-portada","category-primaria"],"post_mailing_queue_ids":[],"_links":{"self":[{"href":"https:\/\/agora.xtec.cat\/ceip-jrj\/wp-json\/wp\/v2\/posts\/7197","targetHints":{"allow":["GET"]}}],"collection":[{"href":"https:\/\/agora.xtec.cat\/ceip-jrj\/wp-json\/wp\/v2\/posts"}],"about":[{"href":"https:\/\/agora.xtec.cat\/ceip-jrj\/wp-json\/wp\/v2\/types\/post"}],"author":[{"embeddable":true,"href":"https:\/\/agora.xtec.cat\/ceip-jrj\/wp-json\/wp\/v2\/users\/1"}],"replies":[{"embeddable":true,"href":"https:\/\/agora.xtec.cat\/ceip-jrj\/wp-json\/wp\/v2\/comments?post=7197"}],"version-history":[{"count":1,"href":"https:\/\/agora.xtec.cat\/ceip-jrj\/wp-json\/wp\/v2\/posts\/7197\/revisions"}],"predecessor-version":[{"id":7200,"href":"https:\/\/agora.xtec.cat\/ceip-jrj\/wp-json\/wp\/v2\/posts\/7197\/revisions\/7200"}],"wp:featuredmedia":[{"embeddable":true,"href":"https:\/\/agora.xtec.cat\/ceip-jrj\/wp-json\/wp\/v2\/media\/7199"}],"wp:attachment":[{"href":"https:\/\/agora.xtec.cat\/ceip-jrj\/wp-json\/wp\/v2\/media?parent=7197"}],"wp:term":[{"taxonomy":"category","embeddable":true,"href":"https:\/\/agora.xtec.cat\/ceip-jrj\/wp-json\/wp\/v2\/categories?post=7197"},{"taxonomy":"post_tag","embeddable":true,"href":"https:\/\/agora.xtec.cat\/ceip-jrj\/wp-json\/wp\/v2\/tags?post=7197"}],"curies":[{"name":"wp","href":"https:\/\/api.w.org\/{rel}","templated":true}]}}