{"id":7187,"date":"2024-12-19T12:35:31","date_gmt":"2024-12-19T11:35:31","guid":{"rendered":"https:\/\/agora.xtec.cat\/ceip-jrj\/?p=7187"},"modified":"2024-12-19T12:34:50","modified_gmt":"2024-12-19T11:34:50","slug":"benvinguts-a-la-nostra-nova-emissora-escolar-emissora-juan-ramon","status":"publish","type":"post","link":"https:\/\/agora.xtec.cat\/ceip-jrj\/general\/benvinguts-a-la-nostra-nova-emissora-escolar-emissora-juan-ramon\/","title":{"rendered":"Benvinguts a la nostra nova emissora escolar: Emissora Juan Ram\u00f3n!"},"content":{"rendered":"<p data-pm-slice=\"1 1 []\"><img loading=\"lazy\" decoding=\"async\" class=\" wp-image-7188 alignleft\" src=\"https:\/\/agora.xtec.cat\/ceip-jrj\/wp-content\/uploads\/usu280\/2024\/12\/PHOTO-2024-12-18-13-03-44.jpg\" alt=\"\" width=\"231\" height=\"173\" srcset=\"https:\/\/agora.xtec.cat\/ceip-jrj\/wp-content\/uploads\/usu280\/2024\/12\/PHOTO-2024-12-18-13-03-44.jpg 1600w, https:\/\/agora.xtec.cat\/ceip-jrj\/wp-content\/uploads\/usu280\/2024\/12\/PHOTO-2024-12-18-13-03-44-300x225.jpg 300w, https:\/\/agora.xtec.cat\/ceip-jrj\/wp-content\/uploads\/usu280\/2024\/12\/PHOTO-2024-12-18-13-03-44-1024x768.jpg 1024w, https:\/\/agora.xtec.cat\/ceip-jrj\/wp-content\/uploads\/usu280\/2024\/12\/PHOTO-2024-12-18-13-03-44-768x576.jpg 768w, https:\/\/agora.xtec.cat\/ceip-jrj\/wp-content\/uploads\/usu280\/2024\/12\/PHOTO-2024-12-18-13-03-44-1536x1152.jpg 1536w, https:\/\/agora.xtec.cat\/ceip-jrj\/wp-content\/uploads\/usu280\/2024\/12\/PHOTO-2024-12-18-13-03-44-200x150.jpg 200w\" sizes=\"auto, (max-width: 231px) 100vw, 231px\" \/>Avui a l\u2019escola Juan Ram\u00f3n Jim\u00e9nez estem d\u2019estrena! Amb molta il\u00b7lusi\u00f3 hem inaugurat la nostra nova emissora de r\u00e0dio: <strong>Emissora Juan Ram\u00f3n<\/strong>, que emet en la freq\u00fc\u00e8ncia <strong>1976<\/strong>.<\/p>\n<p>La Sara i en Jan han estat els encarregats de conduir la primera emissi\u00f3, oferint-nos una an\u00e0lisi molt especial sobre la participaci\u00f3 de la nostra escola en el programa <strong>Pesa i Pensa<\/strong>, una iniciativa que desenvolupem al menjador escolar per conscienciar-nos sobre el malbaratament alimentari. \ud83c\udf7d\ufe0f<\/p>\n<p>Durant el programa, han felicitat i agra\u00eft la gran tasca que duen a terme els monitors i les monitores del servei de menjador escolar. Gr\u00e0cies al seu esfor\u00e7 i comprom\u00eds, les dades recollides al nostre laboratori de ci\u00e8ncies ens mostren que estem fent passos molt importants per reduir el malbaratament alimentari i fomentar la sostenibilitat. \ud83c\udf31\ud83d\udc4f<\/p>\n<p>Us convidem a escoltar amb atenci\u00f3 l\u2019an\u00e0lisi i les dades que han compartit la Sara i en Jan. Aquesta nova emissora ser\u00e0 una finestra oberta a totes les activitats i projectes que es duen a terme a la nostra escola.<\/p>\n<p>Estigueu atents a les properes emissions!<\/p>\n<p>&nbsp;<\/p>\n<h6 style=\"text-align: center;\">Per sentir l&#8217;\u00e0udio, feu clic a la pestanya <strong>FOTOS (imatge de la c\u00e0mera).<\/strong><\/h6>\n<h6 style=\"text-align: center;\">Recordeu que, per garantir la protecci\u00f3 de dades dels menors, haureu d\u2019introduir el codi d\u2019acc\u00e9s proporcionat.<\/h6>\n","protected":false},"excerpt":{"rendered":"<p>Inaugurem l\u2019Emissora Juan Ram\u00f3n a la freq\u00fc\u00e8ncia 1976! La primera emissi\u00f3 destaca el programa Pesa i Pensa per reduir el malbaratament alimentari i promoure la sostenibilitat. &hellip;  <a href=\"https:\/\/agora.xtec.cat\/ceip-jrj\/general\/benvinguts-a-la-nostra-nova-emissora-escolar-emissora-juan-ramon\/\" title=\"Read Benvinguts a la nostra nova emissora escolar: Emissora Juan Ram\u00f3n!\">Llegeix m\u00e9s\u00bb<\/a><\/p>\n","protected":false},"author":1,"featured_media":7189,"comment_status":"closed","ping_status":"closed","sticky":false,"template":"","format":"standard","meta":{"_bbp_topic_count":0,"_bbp_reply_count":0,"_bbp_total_topic_count":0,"_bbp_total_reply_count":0,"_bbp_voice_count":0,"_bbp_anonymous_reply_count":0,"_bbp_topic_count_hidden":0,"_bbp_reply_count_hidden":0,"_bbp_forum_subforum_count":0,"footnotes":""},"categories":[1,2,4,5],"tags":[],"class_list":["post-7187","post","type-post","status-publish","format-standard","has-post-thumbnail","hentry","category-general","category-infantil","category-portada","category-primaria"],"post_mailing_queue_ids":[],"_links":{"self":[{"href":"https:\/\/agora.xtec.cat\/ceip-jrj\/wp-json\/wp\/v2\/posts\/7187","targetHints":{"allow":["GET"]}}],"collection":[{"href":"https:\/\/agora.xtec.cat\/ceip-jrj\/wp-json\/wp\/v2\/posts"}],"about":[{"href":"https:\/\/agora.xtec.cat\/ceip-jrj\/wp-json\/wp\/v2\/types\/post"}],"author":[{"embeddable":true,"href":"https:\/\/agora.xtec.cat\/ceip-jrj\/wp-json\/wp\/v2\/users\/1"}],"replies":[{"embeddable":true,"href":"https:\/\/agora.xtec.cat\/ceip-jrj\/wp-json\/wp\/v2\/comments?post=7187"}],"version-history":[{"count":2,"href":"https:\/\/agora.xtec.cat\/ceip-jrj\/wp-json\/wp\/v2\/posts\/7187\/revisions"}],"predecessor-version":[{"id":7191,"href":"https:\/\/agora.xtec.cat\/ceip-jrj\/wp-json\/wp\/v2\/posts\/7187\/revisions\/7191"}],"wp:featuredmedia":[{"embeddable":true,"href":"https:\/\/agora.xtec.cat\/ceip-jrj\/wp-json\/wp\/v2\/media\/7189"}],"wp:attachment":[{"href":"https:\/\/agora.xtec.cat\/ceip-jrj\/wp-json\/wp\/v2\/media?parent=7187"}],"wp:term":[{"taxonomy":"category","embeddable":true,"href":"https:\/\/agora.xtec.cat\/ceip-jrj\/wp-json\/wp\/v2\/categories?post=7187"},{"taxonomy":"post_tag","embeddable":true,"href":"https:\/\/agora.xtec.cat\/ceip-jrj\/wp-json\/wp\/v2\/tags?post=7187"}],"curies":[{"name":"wp","href":"https:\/\/api.w.org\/{rel}","templated":true}]}}