{"id":7160,"date":"2024-12-16T14:00:22","date_gmt":"2024-12-16T13:00:22","guid":{"rendered":"https:\/\/agora.xtec.cat\/ceip-jrj\/?p=7160"},"modified":"2024-12-17T17:12:53","modified_gmt":"2024-12-17T16:12:53","slug":"ja-es-respira-lhivern-a-la-nostra-escola","status":"publish","type":"post","link":"https:\/\/agora.xtec.cat\/ceip-jrj\/general\/ja-es-respira-lhivern-a-la-nostra-escola\/","title":{"rendered":"Ja es respira l&#8217;hivern a la nostra escola!"},"content":{"rendered":"<p><img loading=\"lazy\" decoding=\"async\" class=\"wp-image-7161 alignleft\" src=\"https:\/\/agora.xtec.cat\/ceip-jrj\/wp-content\/uploads\/usu280\/2024\/12\/Diseno-sin-titulo-12.png\" alt=\"\" width=\"237\" height=\"421\" srcset=\"https:\/\/agora.xtec.cat\/ceip-jrj\/wp-content\/uploads\/usu280\/2024\/12\/Diseno-sin-titulo-12.png 1080w, https:\/\/agora.xtec.cat\/ceip-jrj\/wp-content\/uploads\/usu280\/2024\/12\/Diseno-sin-titulo-12-169x300.png 169w, https:\/\/agora.xtec.cat\/ceip-jrj\/wp-content\/uploads\/usu280\/2024\/12\/Diseno-sin-titulo-12-576x1024.png 576w, https:\/\/agora.xtec.cat\/ceip-jrj\/wp-content\/uploads\/usu280\/2024\/12\/Diseno-sin-titulo-12-768x1365.png 768w, https:\/\/agora.xtec.cat\/ceip-jrj\/wp-content\/uploads\/usu280\/2024\/12\/Diseno-sin-titulo-12-864x1536.png 864w\" sizes=\"auto, (max-width: 237px) 100vw, 237px\" \/>Amb l&#8217;arribada de desembre, l&#8217;escola s&#8217;ha comen\u00e7at a omplir de decoracions hivernals i festives que anuncien que les vacances s\u00f3n a tocar. Els passadissos es vesteixen de llums i colors, les aules llueixen ornaments creats pels alumnes, i no falta l&#8217;ambient de calidesa que caracteritza aquesta \u00e8poca de l&#8217;any.<\/p>\n<p>Aquest any, com sempre, hem comptat amb la participaci\u00f3 activa de tota la comunitat educativa: mestres, alumnes i fam\u00edlies han unit esfor\u00e7os per fer de l&#8217;escola un espai m\u00e0gic. Des de l&#8217;entrada principal fins a la biblioteca, cada rac\u00f3 transmet l&#8217;alegria i la il\u00b7lusi\u00f3 que ens porta aquesta estaci\u00f3.<\/p>\n<p>Us animem a visitar l&#8217;escola el dia de les danses, una tradici\u00f3 molt esperada on els alumnes de totes les edats ofereixen actuacions plenes de m\u00fasica i creativitat, que reflecteixen l&#8217;esperit de l&#8217;hivern i les festes, i gaudir d&#8217;aquest ambient tan especial. Gr\u00e0cies a tothom per fer-ho possible i per contribuir a mantenir viva la m\u00e0gia d&#8217;aquestes dates!<\/p>\n<p style=\"text-align: center;\"><strong>Bon hivern i bones festes a tots i totes!<\/strong><\/p>\n<h6 style=\"text-align: center;\">Per veure les fotografies, feu clic a la pestanya\u00a0<strong>FOTOS (imatge de la c\u00e0mera).<\/strong><\/h6>\n<h6 style=\"text-align: center;\">Recordeu que, per garantir la protecci\u00f3 de dades dels menors, haureu d\u2019introduir el codi d\u2019acc\u00e9s proporcionat.<\/h6>\n","protected":false},"excerpt":{"rendered":"<p>L&#8217;escola s&#8217;ha omplert de decoracions festives i preparatius m\u00e0gics gr\u00e0cies a la col\u00b7laboraci\u00f3 de tota la comunitat. Us convidem a gaudir del nostre ambient especial el dia del festival de cant!&hellip;  <a href=\"https:\/\/agora.xtec.cat\/ceip-jrj\/general\/ja-es-respira-lhivern-a-la-nostra-escola\/\" title=\"Read Ja es respira l&#8217;hivern a la nostra escola!\">Llegeix m\u00e9s\u00bb<\/a><\/p>\n","protected":false},"author":1,"featured_media":7162,"comment_status":"closed","ping_status":"closed","sticky":false,"template":"","format":"standard","meta":{"_bbp_topic_count":0,"_bbp_reply_count":0,"_bbp_total_topic_count":0,"_bbp_total_reply_count":0,"_bbp_voice_count":0,"_bbp_anonymous_reply_count":0,"_bbp_topic_count_hidden":0,"_bbp_reply_count_hidden":0,"_bbp_forum_subforum_count":0,"footnotes":""},"categories":[1,2,4,5],"tags":[],"class_list":["post-7160","post","type-post","status-publish","format-standard","has-post-thumbnail","hentry","category-general","category-infantil","category-portada","category-primaria"],"post_mailing_queue_ids":[],"_links":{"self":[{"href":"https:\/\/agora.xtec.cat\/ceip-jrj\/wp-json\/wp\/v2\/posts\/7160","targetHints":{"allow":["GET"]}}],"collection":[{"href":"https:\/\/agora.xtec.cat\/ceip-jrj\/wp-json\/wp\/v2\/posts"}],"about":[{"href":"https:\/\/agora.xtec.cat\/ceip-jrj\/wp-json\/wp\/v2\/types\/post"}],"author":[{"embeddable":true,"href":"https:\/\/agora.xtec.cat\/ceip-jrj\/wp-json\/wp\/v2\/users\/1"}],"replies":[{"embeddable":true,"href":"https:\/\/agora.xtec.cat\/ceip-jrj\/wp-json\/wp\/v2\/comments?post=7160"}],"version-history":[{"count":3,"href":"https:\/\/agora.xtec.cat\/ceip-jrj\/wp-json\/wp\/v2\/posts\/7160\/revisions"}],"predecessor-version":[{"id":7177,"href":"https:\/\/agora.xtec.cat\/ceip-jrj\/wp-json\/wp\/v2\/posts\/7160\/revisions\/7177"}],"wp:featuredmedia":[{"embeddable":true,"href":"https:\/\/agora.xtec.cat\/ceip-jrj\/wp-json\/wp\/v2\/media\/7162"}],"wp:attachment":[{"href":"https:\/\/agora.xtec.cat\/ceip-jrj\/wp-json\/wp\/v2\/media?parent=7160"}],"wp:term":[{"taxonomy":"category","embeddable":true,"href":"https:\/\/agora.xtec.cat\/ceip-jrj\/wp-json\/wp\/v2\/categories?post=7160"},{"taxonomy":"post_tag","embeddable":true,"href":"https:\/\/agora.xtec.cat\/ceip-jrj\/wp-json\/wp\/v2\/tags?post=7160"}],"curies":[{"name":"wp","href":"https:\/\/api.w.org\/{rel}","templated":true}]}}