{"id":7131,"date":"2024-11-28T19:26:35","date_gmt":"2024-11-28T18:26:35","guid":{"rendered":"https:\/\/agora.xtec.cat\/ceip-jrj\/?p=7131"},"modified":"2024-11-28T20:11:19","modified_gmt":"2024-11-28T19:11:19","slug":"un-mati-sobre-gel","status":"publish","type":"post","link":"https:\/\/agora.xtec.cat\/ceip-jrj\/portada\/un-mati-sobre-gel\/","title":{"rendered":"Un mat\u00ed sobre gel"},"content":{"rendered":"<p><img loading=\"lazy\" decoding=\"async\" class=\"wp-image-7133 alignleft\" src=\"https:\/\/agora.xtec.cat\/ceip-jrj\/wp-content\/uploads\/usu280\/2024\/11\/1732817891409.jpg\" alt=\"\" width=\"218\" height=\"253\" srcset=\"https:\/\/agora.xtec.cat\/ceip-jrj\/wp-content\/uploads\/usu280\/2024\/11\/1732817891409.jpg 908w, https:\/\/agora.xtec.cat\/ceip-jrj\/wp-content\/uploads\/usu280\/2024\/11\/1732817891409-258x300.jpg 258w, https:\/\/agora.xtec.cat\/ceip-jrj\/wp-content\/uploads\/usu280\/2024\/11\/1732817891409-880x1024.jpg 880w, https:\/\/agora.xtec.cat\/ceip-jrj\/wp-content\/uploads\/usu280\/2024\/11\/1732817891409-768x893.jpg 768w\" sizes=\"auto, (max-width: 218px) 100vw, 218px\" \/><\/p>\n<p>Els nens i les nenes de 6\u00e8 hem viscut una experi\u00e8ncia inoblidable aquest mat\u00ed, gaudint d&#8217;una jornada de patinatge a la pista de gel de la Pla\u00e7a\u00a0Pere\u00a0Teixin\u00e9. Equipats amb patins i moltes ganes de passar-ho b\u00e9, hem posat a prova la nostra destresa, desafiant-nos a mantenir l&#8217;equilibri i, fins i tot, arriscant-nos a provar algunes piruetes!<\/p>\n<p>Les rialles, els \u00e0nims dels companys i l&#8217;ambient m\u00e0gic de la pista han fet que el temps pass\u00e9s volant. Ens ho hem passat tan b\u00e9 que, quan ha arribat l&#8217;hora de tornar a l&#8217;escola, m\u00e9s d&#8217;un ha demanat quedar- se una estona m\u00e9s!<\/p>\n<h6><\/h6>\n<h6 style=\"text-align: center;\">Per veure les fotografies, feu clic a la pestanya\u00a0<strong>FOTOS (imatge de la c\u00e0mera).<\/strong><\/h6>\n<h6 style=\"text-align: center;\">Recordeu que, per garantir la protecci\u00f3 de dades dels menors, haureu d\u2019introduir el codi d\u2019acc\u00e9s proporcionat.<\/h6>\n","protected":false},"excerpt":{"rendered":"<p>Els nens i les nenes de 6\u00e8 han viscut una experi\u00e8ncia inoblidable gaudint d&#8217;una jornada de patinatge a la pista de gel de la Pla\u00e7a\u00a0Pere\u00a0Teixin\u00e9.&hellip;  <a href=\"https:\/\/agora.xtec.cat\/ceip-jrj\/portada\/un-mati-sobre-gel\/\" title=\"Read Un mat\u00ed sobre gel\">Llegeix m\u00e9s\u00bb<\/a><\/p>\n","protected":false},"author":1,"featured_media":7132,"comment_status":"closed","ping_status":"closed","sticky":false,"template":"","format":"standard","meta":{"_bbp_topic_count":0,"_bbp_reply_count":0,"_bbp_total_topic_count":0,"_bbp_total_reply_count":0,"_bbp_voice_count":0,"_bbp_anonymous_reply_count":0,"_bbp_topic_count_hidden":0,"_bbp_reply_count_hidden":0,"_bbp_forum_subforum_count":0,"footnotes":""},"categories":[15,4,5],"tags":[],"class_list":["post-7131","post","type-post","status-publish","format-standard","has-post-thumbnail","hentry","category-6e","category-portada","category-primaria"],"post_mailing_queue_ids":[],"_links":{"self":[{"href":"https:\/\/agora.xtec.cat\/ceip-jrj\/wp-json\/wp\/v2\/posts\/7131","targetHints":{"allow":["GET"]}}],"collection":[{"href":"https:\/\/agora.xtec.cat\/ceip-jrj\/wp-json\/wp\/v2\/posts"}],"about":[{"href":"https:\/\/agora.xtec.cat\/ceip-jrj\/wp-json\/wp\/v2\/types\/post"}],"author":[{"embeddable":true,"href":"https:\/\/agora.xtec.cat\/ceip-jrj\/wp-json\/wp\/v2\/users\/1"}],"replies":[{"embeddable":true,"href":"https:\/\/agora.xtec.cat\/ceip-jrj\/wp-json\/wp\/v2\/comments?post=7131"}],"version-history":[{"count":5,"href":"https:\/\/agora.xtec.cat\/ceip-jrj\/wp-json\/wp\/v2\/posts\/7131\/revisions"}],"predecessor-version":[{"id":7139,"href":"https:\/\/agora.xtec.cat\/ceip-jrj\/wp-json\/wp\/v2\/posts\/7131\/revisions\/7139"}],"wp:featuredmedia":[{"embeddable":true,"href":"https:\/\/agora.xtec.cat\/ceip-jrj\/wp-json\/wp\/v2\/media\/7132"}],"wp:attachment":[{"href":"https:\/\/agora.xtec.cat\/ceip-jrj\/wp-json\/wp\/v2\/media?parent=7131"}],"wp:term":[{"taxonomy":"category","embeddable":true,"href":"https:\/\/agora.xtec.cat\/ceip-jrj\/wp-json\/wp\/v2\/categories?post=7131"},{"taxonomy":"post_tag","embeddable":true,"href":"https:\/\/agora.xtec.cat\/ceip-jrj\/wp-json\/wp\/v2\/tags?post=7131"}],"curies":[{"name":"wp","href":"https:\/\/api.w.org\/{rel}","templated":true}]}}