{"id":7118,"date":"2024-11-26T14:30:17","date_gmt":"2024-11-26T13:30:17","guid":{"rendered":"https:\/\/agora.xtec.cat\/ceip-jrj\/?p=7118"},"modified":"2024-11-28T08:41:16","modified_gmt":"2024-11-28T07:41:16","slug":"celebrem-el-dia-dels-drets-dels-infants-amb-jocs-i-diversio","status":"publish","type":"post","link":"https:\/\/agora.xtec.cat\/ceip-jrj\/general\/celebrem-el-dia-dels-drets-dels-infants-amb-jocs-i-diversio\/","title":{"rendered":"Celebrem el Dia dels Drets dels Infants amb Jocs i Diversi\u00f3!"},"content":{"rendered":"<p><a href=\"https:\/\/agora.xtec.cat\/ceip-jrj\/wp-content\/uploads\/usu280\/2024\/11\/8d7221d8-6777-422c-b2cd-7a45a4e32a59-e1732779523151.jpg\"><img loading=\"lazy\" decoding=\"async\" class=\"wp-image-7120 alignleft\" src=\"https:\/\/agora.xtec.cat\/ceip-jrj\/wp-content\/uploads\/usu280\/2024\/11\/8d7221d8-6777-422c-b2cd-7a45a4e32a59-e1732779523151-1024x757.jpg\" alt=\"\" width=\"236\" height=\"175\" srcset=\"https:\/\/agora.xtec.cat\/ceip-jrj\/wp-content\/uploads\/usu280\/2024\/11\/8d7221d8-6777-422c-b2cd-7a45a4e32a59-e1732779523151-1024x757.jpg 1024w, https:\/\/agora.xtec.cat\/ceip-jrj\/wp-content\/uploads\/usu280\/2024\/11\/8d7221d8-6777-422c-b2cd-7a45a4e32a59-e1732779523151-300x222.jpg 300w, https:\/\/agora.xtec.cat\/ceip-jrj\/wp-content\/uploads\/usu280\/2024\/11\/8d7221d8-6777-422c-b2cd-7a45a4e32a59-e1732779523151-768x567.jpg 768w, https:\/\/agora.xtec.cat\/ceip-jrj\/wp-content\/uploads\/usu280\/2024\/11\/8d7221d8-6777-422c-b2cd-7a45a4e32a59-e1732779523151.jpg 1218w\" sizes=\"auto, (max-width: 236px) 100vw, 236px\" \/><\/a>Aquest any, per commemorar el Dia dels Drets dels Infants, hem organitzat una jornada molt especial al pati de l\u2019escola. Els mestres hem dinamitzat diversos jocs tradicionals i activitats, creant un ambient ple d\u2019energia, diversi\u00f3 i participaci\u00f3.<\/p>\n<p>Durant la jornada, l\u2019alumnat ha pogut gaudir de coreografies animades, jugar a les bitlles, saltar a la xarranca i posar a prova la seva rapidesa amb el joc del mocador. Cada activitat ha estat una oportunitat per treballar valors com la cooperaci\u00f3, el respecte i el joc net, alhora que hem recordat la import\u00e0ncia dels drets de tots els infants.<\/p>\n<p>Tant mestres com alumnes ens ho hem passat molt b\u00e9 compartint rialles i moments inoblidables. Agra\u00efm la participaci\u00f3 de tothom i continuem treballant, com cada dia, perqu\u00e8 els drets dels infants siguin respectats i celebrats.<\/p>\n<p>Gr\u00e0cies a totes les fam\u00edlies per confiar en nosaltres i fer que aquest dia sigui encara m\u00e9s especial!<\/p>\n<h6><\/h6>\n<h6 style=\"text-align: center;\">Per veure les fotografies, feu clic a la pestanya\u00a0<strong>FOTOS (imatge de la c\u00e0mera).<\/strong><\/h6>\n<h6 style=\"text-align: center;\">Recordeu que, per garantir la protecci\u00f3 de dades dels menors, haureu d\u2019introduir el codi d\u2019acc\u00e9s proporcionat.<\/h6>\n","protected":false},"excerpt":{"rendered":"<p>A l\u2019escola hem celebrat el Dia dels Drets dels Infants amb una jornada plena de jocs al pati. Un dia inoblidable per recordar la import\u00e0ncia d&#8217;aquesta data!&hellip;  <a href=\"https:\/\/agora.xtec.cat\/ceip-jrj\/general\/celebrem-el-dia-dels-drets-dels-infants-amb-jocs-i-diversio\/\" title=\"Read Celebrem el Dia dels Drets dels Infants amb Jocs i Diversi\u00f3!\">Llegeix m\u00e9s\u00bb<\/a><\/p>\n","protected":false},"author":1,"featured_media":7121,"comment_status":"closed","ping_status":"closed","sticky":false,"template":"","format":"standard","meta":{"_bbp_topic_count":0,"_bbp_reply_count":0,"_bbp_total_topic_count":0,"_bbp_total_reply_count":0,"_bbp_voice_count":0,"_bbp_anonymous_reply_count":0,"_bbp_topic_count_hidden":0,"_bbp_reply_count_hidden":0,"_bbp_forum_subforum_count":0,"footnotes":""},"categories":[1,2,4,5],"tags":[],"class_list":["post-7118","post","type-post","status-publish","format-standard","has-post-thumbnail","hentry","category-general","category-infantil","category-portada","category-primaria"],"post_mailing_queue_ids":[],"_links":{"self":[{"href":"https:\/\/agora.xtec.cat\/ceip-jrj\/wp-json\/wp\/v2\/posts\/7118","targetHints":{"allow":["GET"]}}],"collection":[{"href":"https:\/\/agora.xtec.cat\/ceip-jrj\/wp-json\/wp\/v2\/posts"}],"about":[{"href":"https:\/\/agora.xtec.cat\/ceip-jrj\/wp-json\/wp\/v2\/types\/post"}],"author":[{"embeddable":true,"href":"https:\/\/agora.xtec.cat\/ceip-jrj\/wp-json\/wp\/v2\/users\/1"}],"replies":[{"embeddable":true,"href":"https:\/\/agora.xtec.cat\/ceip-jrj\/wp-json\/wp\/v2\/comments?post=7118"}],"version-history":[{"count":6,"href":"https:\/\/agora.xtec.cat\/ceip-jrj\/wp-json\/wp\/v2\/posts\/7118\/revisions"}],"predecessor-version":[{"id":7130,"href":"https:\/\/agora.xtec.cat\/ceip-jrj\/wp-json\/wp\/v2\/posts\/7118\/revisions\/7130"}],"wp:featuredmedia":[{"embeddable":true,"href":"https:\/\/agora.xtec.cat\/ceip-jrj\/wp-json\/wp\/v2\/media\/7121"}],"wp:attachment":[{"href":"https:\/\/agora.xtec.cat\/ceip-jrj\/wp-json\/wp\/v2\/media?parent=7118"}],"wp:term":[{"taxonomy":"category","embeddable":true,"href":"https:\/\/agora.xtec.cat\/ceip-jrj\/wp-json\/wp\/v2\/categories?post=7118"},{"taxonomy":"post_tag","embeddable":true,"href":"https:\/\/agora.xtec.cat\/ceip-jrj\/wp-json\/wp\/v2\/tags?post=7118"}],"curies":[{"name":"wp","href":"https:\/\/api.w.org\/{rel}","templated":true}]}}