{"id":7078,"date":"2024-11-15T16:40:15","date_gmt":"2024-11-15T15:40:15","guid":{"rendered":"https:\/\/agora.xtec.cat\/ceip-jrj\/?p=7078"},"modified":"2024-11-17T09:48:47","modified_gmt":"2024-11-17T08:48:47","slug":"can-santoi-2","status":"publish","type":"post","link":"https:\/\/agora.xtec.cat\/ceip-jrj\/general\/can-santoi-2\/","title":{"rendered":"Meteorologia en Acci\u00f3 a Can Santoi"},"content":{"rendered":"<p><img loading=\"lazy\" decoding=\"async\" class=\"wp-image-7080 alignleft\" src=\"https:\/\/agora.xtec.cat\/ceip-jrj\/wp-content\/uploads\/usu280\/2024\/11\/Diseno-sin-titulo-5.png\" alt=\"\" width=\"239\" height=\"134\" srcset=\"https:\/\/agora.xtec.cat\/ceip-jrj\/wp-content\/uploads\/usu280\/2024\/11\/Diseno-sin-titulo-5.png 1366w, https:\/\/agora.xtec.cat\/ceip-jrj\/wp-content\/uploads\/usu280\/2024\/11\/Diseno-sin-titulo-5-300x169.png 300w, https:\/\/agora.xtec.cat\/ceip-jrj\/wp-content\/uploads\/usu280\/2024\/11\/Diseno-sin-titulo-5-1024x576.png 1024w, https:\/\/agora.xtec.cat\/ceip-jrj\/wp-content\/uploads\/usu280\/2024\/11\/Diseno-sin-titulo-5-768x432.png 768w\" sizes=\"auto, (max-width: 239px) 100vw, 239px\" \/>L&#8217;alumnat de 3r ha gaudit d&#8217;una sortida educativa al Camp d&#8217;Aprenentatge de Can Santoi, on han explorat el fascinant m\u00f3n del temps atmosf\u00e8ric. Durant la jornada, han participat en diverses activitats i tallers relacionats amb la meteorologia, posant-se a la pell de meteor\u00f2legs per un dia. Han apr\u00e8s a utilitzar instruments per mesurar la temperatura, el vent i la humitat, tot superant divertits reptes atmosf\u00e8rics.<\/p>\n<p>Aquesta experi\u00e8ncia pr\u00e0ctica els ha perm\u00e8s descobrir de manera activa i motivadora com funciona el clima i la seva influ\u00e8ncia en el nostre entorn. Ha estat una jornada plena d&#8217;aprenentatge i emocions que, de ben segur, recordaran amb il\u00b7lusi\u00f3!<\/p>\n<p>&nbsp;<\/p>\n<h6 style=\"text-align: center;\">Per veure les fotografies, feu clic a la pestanya\u00a0<strong>FOTOS (imatge de la c\u00e0mera).<\/strong><\/h6>\n<h6 style=\"text-align: center;\">Recordeu que, per garantir la protecci\u00f3 de dades dels menors, haureu d\u2019introduir el codi d\u2019acc\u00e9s proporcionat.<\/h6>\n","protected":false},"excerpt":{"rendered":"<p>L&#8217;alumnat de 3r ha visitat Can Santoi, on han apr\u00e8s sobre el temps atmosf\u00e8ric fent d\u2019aut\u00e8ntics meteor\u00f2legs i superant divertits reptes. Una experi\u00e8ncia educativa inoblidable!&hellip;  <a href=\"https:\/\/agora.xtec.cat\/ceip-jrj\/general\/can-santoi-2\/\" title=\"Read Meteorologia en Acci\u00f3 a Can Santoi\">Llegeix m\u00e9s\u00bb<\/a><\/p>\n","protected":false},"author":1,"featured_media":7079,"comment_status":"closed","ping_status":"closed","sticky":false,"template":"","format":"standard","meta":{"_bbp_topic_count":0,"_bbp_reply_count":0,"_bbp_total_topic_count":0,"_bbp_total_reply_count":0,"_bbp_voice_count":0,"_bbp_anonymous_reply_count":0,"_bbp_topic_count_hidden":0,"_bbp_reply_count_hidden":0,"_bbp_forum_subforum_count":0,"footnotes":""},"categories":[12,1,4,5],"tags":[],"class_list":["post-7078","post","type-post","status-publish","format-standard","has-post-thumbnail","hentry","category-3r","category-general","category-portada","category-primaria"],"post_mailing_queue_ids":[],"_links":{"self":[{"href":"https:\/\/agora.xtec.cat\/ceip-jrj\/wp-json\/wp\/v2\/posts\/7078","targetHints":{"allow":["GET"]}}],"collection":[{"href":"https:\/\/agora.xtec.cat\/ceip-jrj\/wp-json\/wp\/v2\/posts"}],"about":[{"href":"https:\/\/agora.xtec.cat\/ceip-jrj\/wp-json\/wp\/v2\/types\/post"}],"author":[{"embeddable":true,"href":"https:\/\/agora.xtec.cat\/ceip-jrj\/wp-json\/wp\/v2\/users\/1"}],"replies":[{"embeddable":true,"href":"https:\/\/agora.xtec.cat\/ceip-jrj\/wp-json\/wp\/v2\/comments?post=7078"}],"version-history":[{"count":6,"href":"https:\/\/agora.xtec.cat\/ceip-jrj\/wp-json\/wp\/v2\/posts\/7078\/revisions"}],"predecessor-version":[{"id":7103,"href":"https:\/\/agora.xtec.cat\/ceip-jrj\/wp-json\/wp\/v2\/posts\/7078\/revisions\/7103"}],"wp:featuredmedia":[{"embeddable":true,"href":"https:\/\/agora.xtec.cat\/ceip-jrj\/wp-json\/wp\/v2\/media\/7079"}],"wp:attachment":[{"href":"https:\/\/agora.xtec.cat\/ceip-jrj\/wp-json\/wp\/v2\/media?parent=7078"}],"wp:term":[{"taxonomy":"category","embeddable":true,"href":"https:\/\/agora.xtec.cat\/ceip-jrj\/wp-json\/wp\/v2\/categories?post=7078"},{"taxonomy":"post_tag","embeddable":true,"href":"https:\/\/agora.xtec.cat\/ceip-jrj\/wp-json\/wp\/v2\/tags?post=7078"}],"curies":[{"name":"wp","href":"https:\/\/api.w.org\/{rel}","templated":true}]}}