{"id":7057,"date":"2024-11-14T11:27:19","date_gmt":"2024-11-14T10:27:19","guid":{"rendered":"https:\/\/agora.xtec.cat\/ceip-jrj\/?p=7057"},"modified":"2024-11-17T09:48:22","modified_gmt":"2024-11-17T08:48:22","slug":"can-montcau","status":"publish","type":"post","link":"https:\/\/agora.xtec.cat\/ceip-jrj\/general\/can-montcau\/","title":{"rendered":"Descobrint la Natura a Can Montcau"},"content":{"rendered":"<p><img loading=\"lazy\" decoding=\"async\" class=\"wp-image-7059 alignleft\" src=\"https:\/\/agora.xtec.cat\/ceip-jrj\/wp-content\/uploads\/usu280\/2024\/11\/Diseno-sin-titulo-2.png\" alt=\"\" width=\"252\" height=\"142\" srcset=\"https:\/\/agora.xtec.cat\/ceip-jrj\/wp-content\/uploads\/usu280\/2024\/11\/Diseno-sin-titulo-2.png 1366w, https:\/\/agora.xtec.cat\/ceip-jrj\/wp-content\/uploads\/usu280\/2024\/11\/Diseno-sin-titulo-2-300x169.png 300w, https:\/\/agora.xtec.cat\/ceip-jrj\/wp-content\/uploads\/usu280\/2024\/11\/Diseno-sin-titulo-2-1024x576.png 1024w, https:\/\/agora.xtec.cat\/ceip-jrj\/wp-content\/uploads\/usu280\/2024\/11\/Diseno-sin-titulo-2-768x432.png 768w\" sizes=\"auto, (max-width: 252px) 100vw, 252px\" \/>Aquesta setmana els nens i nenes d&#8217;I4\u00a0 i I5, han gaudit d&#8217;un dia al voltant de la natura a Can Montcau. All\u00e0, fent una passejada pel bosc, han conegut \u00a0la import\u00e0ncia de les herbes arom\u00e0tiques i les plantes medicinals, i han apr\u00e8s com les feien servir els antics pagesos de la zona. Despr\u00e9s, han fet bossetes d&#8217;olor que s&#8217;han emportat a casa, i que segur, els infants hauran guardat\u00a0en\u00a0 algun lloc especial. Va ser dia un molt interessant i divertit!<\/p>\n<h6 style=\"text-align: center;\">Per veure les fotografies, feu clic a la pestanya\u00a0<strong>FOTOS (imatge de la c\u00e0mera).<\/strong><\/h6>\n<h6 style=\"text-align: center;\">Recordeu que, per garantir la protecci\u00f3 de dades dels menors, haureu d\u2019introduir el codi d\u2019acc\u00e9s proporcionat.<\/h6>\n","protected":false},"excerpt":{"rendered":"<p>Els infants d&#8217;I4 i I5 han visitat Can Montcau, on han apr\u00e8s sobre herbes arom\u00e0tiques i plantes medicinals, i han fet bossetes d&#8217;olor per casa. Una sortida divertida i educativa!&hellip;  <a href=\"https:\/\/agora.xtec.cat\/ceip-jrj\/general\/can-montcau\/\" title=\"Read Descobrint la Natura a Can Montcau\">Llegeix m\u00e9s\u00bb<\/a><\/p>\n","protected":false},"author":1,"featured_media":7060,"comment_status":"closed","ping_status":"closed","sticky":false,"template":"","format":"standard","meta":{"_bbp_topic_count":0,"_bbp_reply_count":0,"_bbp_total_topic_count":0,"_bbp_total_reply_count":0,"_bbp_voice_count":0,"_bbp_anonymous_reply_count":0,"_bbp_topic_count_hidden":0,"_bbp_reply_count_hidden":0,"_bbp_forum_subforum_count":0,"footnotes":""},"categories":[1,2,8,9,4],"tags":[],"class_list":["post-7057","post","type-post","status-publish","format-standard","has-post-thumbnail","hentry","category-general","category-infantil","category-p4","category-p5","category-portada"],"post_mailing_queue_ids":[],"_links":{"self":[{"href":"https:\/\/agora.xtec.cat\/ceip-jrj\/wp-json\/wp\/v2\/posts\/7057","targetHints":{"allow":["GET"]}}],"collection":[{"href":"https:\/\/agora.xtec.cat\/ceip-jrj\/wp-json\/wp\/v2\/posts"}],"about":[{"href":"https:\/\/agora.xtec.cat\/ceip-jrj\/wp-json\/wp\/v2\/types\/post"}],"author":[{"embeddable":true,"href":"https:\/\/agora.xtec.cat\/ceip-jrj\/wp-json\/wp\/v2\/users\/1"}],"replies":[{"embeddable":true,"href":"https:\/\/agora.xtec.cat\/ceip-jrj\/wp-json\/wp\/v2\/comments?post=7057"}],"version-history":[{"count":6,"href":"https:\/\/agora.xtec.cat\/ceip-jrj\/wp-json\/wp\/v2\/posts\/7057\/revisions"}],"predecessor-version":[{"id":7102,"href":"https:\/\/agora.xtec.cat\/ceip-jrj\/wp-json\/wp\/v2\/posts\/7057\/revisions\/7102"}],"wp:featuredmedia":[{"embeddable":true,"href":"https:\/\/agora.xtec.cat\/ceip-jrj\/wp-json\/wp\/v2\/media\/7060"}],"wp:attachment":[{"href":"https:\/\/agora.xtec.cat\/ceip-jrj\/wp-json\/wp\/v2\/media?parent=7057"}],"wp:term":[{"taxonomy":"category","embeddable":true,"href":"https:\/\/agora.xtec.cat\/ceip-jrj\/wp-json\/wp\/v2\/categories?post=7057"},{"taxonomy":"post_tag","embeddable":true,"href":"https:\/\/agora.xtec.cat\/ceip-jrj\/wp-json\/wp\/v2\/tags?post=7057"}],"curies":[{"name":"wp","href":"https:\/\/api.w.org\/{rel}","templated":true}]}}