{"id":7022,"date":"2024-10-30T17:57:24","date_gmt":"2024-10-30T16:57:24","guid":{"rendered":"https:\/\/agora.xtec.cat\/ceip-jrj\/?p=7022"},"modified":"2024-11-06T09:43:33","modified_gmt":"2024-11-06T08:43:33","slug":"sortida-a-la-biblioteca-municipal-coneixent-el-cataleg-genius","status":"publish","type":"post","link":"https:\/\/agora.xtec.cat\/ceip-jrj\/portada\/sortida-a-la-biblioteca-municipal-coneixent-el-cataleg-genius\/","title":{"rendered":"Sortida a la Biblioteca Municipal: Coneixent el Cat\u00e0leg G\u00e8nius"},"content":{"rendered":"<p><a href=\"https:\/\/agora.xtec.cat\/ceip-jrj\/wp-content\/uploads\/usu280\/2024\/10\/Sense-titol.png\"><img loading=\"lazy\" decoding=\"async\" class=\"wp-image-7034 alignleft\" src=\"https:\/\/agora.xtec.cat\/ceip-jrj\/wp-content\/uploads\/usu280\/2024\/10\/Sense-titol.png\" alt=\"\" width=\"193\" height=\"210\" srcset=\"https:\/\/agora.xtec.cat\/ceip-jrj\/wp-content\/uploads\/usu280\/2024\/10\/Sense-titol.png 636w, https:\/\/agora.xtec.cat\/ceip-jrj\/wp-content\/uploads\/usu280\/2024\/10\/Sense-titol-276x300.png 276w\" sizes=\"auto, (max-width: 193px) 100vw, 193px\" \/><\/a><\/p>\n<p><a href=\"https:\/\/agora.xtec.cat\/ceip-jrj\/wp-content\/uploads\/usu280\/2024\/10\/Sense-titol-1.png\"><img loading=\"lazy\" decoding=\"async\" class=\" wp-image-7035 alignright\" src=\"https:\/\/agora.xtec.cat\/ceip-jrj\/wp-content\/uploads\/usu280\/2024\/10\/Sense-titol-1.png\" alt=\"\" width=\"254\" height=\"299\" srcset=\"https:\/\/agora.xtec.cat\/ceip-jrj\/wp-content\/uploads\/usu280\/2024\/10\/Sense-titol-1.png 466w, https:\/\/agora.xtec.cat\/ceip-jrj\/wp-content\/uploads\/usu280\/2024\/10\/Sense-titol-1-255x300.png 255w\" sizes=\"auto, (max-width: 254px) 100vw, 254px\" \/><\/a>L&#8217;alumnat de 5\u00e8 nivell va visitar la Biblioteca Municipal per con\u00e8ixer el\u00a0cat\u00e0leg G\u00e8nius. Aquesta activitat va incloure una gimcana, on els estudiants, dividits en grups, van resoldre desafiaments i van cercar llibres.<\/p>\n<p>Despr\u00e9s de la gimcana, van poder gaudir d&#8217;un temps de lectura lliure, triant llibres que els interessaven. Aquesta sortida va ser una experi\u00e8ncia educativa i divertida que va fomentar el gust per la lectura.<\/p>\n<h6 style=\"text-align: center;\">Per veure les fotografies, feu clic a la pestanya\u00a0<strong>FOTOS<\/strong>, situada a la part superior dreta de la pantalla (identificada amb una icona de c\u00e0mera fotogr\u00e0fica). Recordeu que, per garantir la protecci\u00f3 de dades dels menors, haureu d\u2019introduir el codi d\u2019acc\u00e9s proporcionat.<\/h6>\n","protected":false},"excerpt":{"rendered":"<p>L&#8217;alumnat de 5\u00e8 nivell va visitar la Biblioteca Municipal per con\u00e8ixer el cat\u00e0leg G\u00e8nius.&hellip;  <a href=\"https:\/\/agora.xtec.cat\/ceip-jrj\/portada\/sortida-a-la-biblioteca-municipal-coneixent-el-cataleg-genius\/\" title=\"Read Sortida a la Biblioteca Municipal: Coneixent el Cat\u00e0leg G\u00e8nius\">Llegeix m\u00e9s\u00bb<\/a><\/p>\n","protected":false},"author":9,"featured_media":7023,"comment_status":"closed","ping_status":"closed","sticky":false,"template":"","format":"standard","meta":{"_bbp_topic_count":0,"_bbp_reply_count":0,"_bbp_total_topic_count":0,"_bbp_total_reply_count":0,"_bbp_voice_count":0,"_bbp_anonymous_reply_count":0,"_bbp_topic_count_hidden":0,"_bbp_reply_count_hidden":0,"_bbp_forum_subforum_count":0,"footnotes":""},"categories":[14,4,5],"tags":[],"class_list":["post-7022","post","type-post","status-publish","format-standard","has-post-thumbnail","hentry","category-5e","category-portada","category-primaria"],"post_mailing_queue_ids":[],"_links":{"self":[{"href":"https:\/\/agora.xtec.cat\/ceip-jrj\/wp-json\/wp\/v2\/posts\/7022","targetHints":{"allow":["GET"]}}],"collection":[{"href":"https:\/\/agora.xtec.cat\/ceip-jrj\/wp-json\/wp\/v2\/posts"}],"about":[{"href":"https:\/\/agora.xtec.cat\/ceip-jrj\/wp-json\/wp\/v2\/types\/post"}],"author":[{"embeddable":true,"href":"https:\/\/agora.xtec.cat\/ceip-jrj\/wp-json\/wp\/v2\/users\/9"}],"replies":[{"embeddable":true,"href":"https:\/\/agora.xtec.cat\/ceip-jrj\/wp-json\/wp\/v2\/comments?post=7022"}],"version-history":[{"count":4,"href":"https:\/\/agora.xtec.cat\/ceip-jrj\/wp-json\/wp\/v2\/posts\/7022\/revisions"}],"predecessor-version":[{"id":7038,"href":"https:\/\/agora.xtec.cat\/ceip-jrj\/wp-json\/wp\/v2\/posts\/7022\/revisions\/7038"}],"wp:featuredmedia":[{"embeddable":true,"href":"https:\/\/agora.xtec.cat\/ceip-jrj\/wp-json\/wp\/v2\/media\/7023"}],"wp:attachment":[{"href":"https:\/\/agora.xtec.cat\/ceip-jrj\/wp-json\/wp\/v2\/media?parent=7022"}],"wp:term":[{"taxonomy":"category","embeddable":true,"href":"https:\/\/agora.xtec.cat\/ceip-jrj\/wp-json\/wp\/v2\/categories?post=7022"},{"taxonomy":"post_tag","embeddable":true,"href":"https:\/\/agora.xtec.cat\/ceip-jrj\/wp-json\/wp\/v2\/tags?post=7022"}],"curies":[{"name":"wp","href":"https:\/\/api.w.org\/{rel}","templated":true}]}}