{"id":6989,"date":"2024-10-16T17:07:42","date_gmt":"2024-10-16T15:07:42","guid":{"rendered":"https:\/\/agora.xtec.cat\/ceip-jrj\/?p=6989"},"modified":"2024-10-27T07:43:26","modified_gmt":"2024-10-27T06:43:26","slug":"ja-tenim-la-loteria","status":"publish","type":"post","link":"https:\/\/agora.xtec.cat\/ceip-jrj\/general\/ja-tenim-la-loteria\/","title":{"rendered":"Ja tenim la Loteria!!"},"content":{"rendered":"<p dir=\"ltr\">Com cada any l&#8217;AFA posa a la venda la loteria del dia 22 de desembre.<\/p>\n<p dir=\"ltr\">Aquest any hem decidit vendre la loteria en m\u00e0, NO a trav\u00e9s de Tu Lotero. Per aix\u00f2, a partir de dem\u00e0, dijous 17 d\u2019octubre, podreu trobar a membres de l&#8217;AFA al pati de l&#8217;escola i al local de l&#8217;AFA en el seg\u00fcent horari:<\/p>\n<ul>\n<li dir=\"ltr\">\n<p dir=\"ltr\" role=\"presentation\">Dilluns i dijous: De 9:05 a 9:20h<\/p>\n<\/li>\n<li dir=\"ltr\">\n<p dir=\"ltr\" role=\"presentation\">Dimarts i dijous: De 16:30 a 16:45h<\/p>\n<\/li>\n<li dir=\"ltr\">\n<p dir=\"ltr\" role=\"presentation\">Divendres: De 16:30 a 16:45h<\/p>\n<\/li>\n<\/ul>\n<p dir=\"ltr\">Tamb\u00e9 podeu preguntar a la Gemma i ella us indicar\u00e0.<\/p>\n<p dir=\"ltr\">Cada participaci\u00f3 val 5\u20ac: es juguen 4\u20ac i 1\u20ac de donaci\u00f3. Aquest euro de donaci\u00f3 es destina a millores a l\u2019escola. Gr\u00e0cies als beneficis de l&#8217;any passat, l&#8217;AFA ha pogut adquirir la biblioteca a l&#8217;aire lliure, que properament instal\u00b7larem a l&#8217;Aula Natura.<br \/>\nJunts fem escola!!!!<\/p>\n<p dir=\"ltr\"><a href=\"https:\/\/agora.xtec.cat\/ceip-jrj\/wp-content\/uploads\/usu280\/2024\/10\/Loteria-Nadal-AFA-Curs-24-25.jpeg\"><img loading=\"lazy\" decoding=\"async\" class=\"alignnone size-large wp-image-6990\" src=\"https:\/\/agora.xtec.cat\/ceip-jrj\/wp-content\/uploads\/usu280\/2024\/10\/Loteria-Nadal-AFA-Curs-24-25-1024x1024.jpeg\" alt=\"\" width=\"1024\" height=\"1024\" srcset=\"https:\/\/agora.xtec.cat\/ceip-jrj\/wp-content\/uploads\/usu280\/2024\/10\/Loteria-Nadal-AFA-Curs-24-25-1024x1024.jpeg 1024w, https:\/\/agora.xtec.cat\/ceip-jrj\/wp-content\/uploads\/usu280\/2024\/10\/Loteria-Nadal-AFA-Curs-24-25-300x300.jpeg 300w, https:\/\/agora.xtec.cat\/ceip-jrj\/wp-content\/uploads\/usu280\/2024\/10\/Loteria-Nadal-AFA-Curs-24-25-150x150.jpeg 150w, https:\/\/agora.xtec.cat\/ceip-jrj\/wp-content\/uploads\/usu280\/2024\/10\/Loteria-Nadal-AFA-Curs-24-25-768x768.jpeg 768w, https:\/\/agora.xtec.cat\/ceip-jrj\/wp-content\/uploads\/usu280\/2024\/10\/Loteria-Nadal-AFA-Curs-24-25.jpeg 1080w\" sizes=\"auto, (max-width: 1024px) 100vw, 1024px\" \/><\/a><\/p>\n","protected":false},"excerpt":{"rendered":"<p>Com cada any l&#8217;AFA posa a la venda la loteria del dia 22 de desembre.<\/p>\n<p>Aquest any hem decidit vendre la loteria en m\u00e0, NO a trav\u00e9s de Tu Lotero. Per aix\u00f2, a partir de dem\u00e0, dijous 17 d\u2019octubre, podreu trobar a membres de l&#8217;AFA al pati de l&#8217;escola i al local de l&#8217;AFA.&hellip;  <a href=\"https:\/\/agora.xtec.cat\/ceip-jrj\/general\/ja-tenim-la-loteria\/\" title=\"Read Ja tenim la Loteria!!\">Llegeix m\u00e9s\u00bb<\/a><\/p>\n","protected":false},"author":14,"featured_media":6990,"comment_status":"closed","ping_status":"closed","sticky":false,"template":"","format":"standard","meta":{"_bbp_topic_count":0,"_bbp_reply_count":0,"_bbp_total_topic_count":0,"_bbp_total_reply_count":0,"_bbp_voice_count":0,"_bbp_anonymous_reply_count":0,"_bbp_topic_count_hidden":0,"_bbp_reply_count_hidden":0,"_bbp_forum_subforum_count":0,"footnotes":""},"categories":[1,4],"tags":[],"class_list":["post-6989","post","type-post","status-publish","format-standard","has-post-thumbnail","hentry","category-general","category-portada"],"post_mailing_queue_ids":[],"_links":{"self":[{"href":"https:\/\/agora.xtec.cat\/ceip-jrj\/wp-json\/wp\/v2\/posts\/6989","targetHints":{"allow":["GET"]}}],"collection":[{"href":"https:\/\/agora.xtec.cat\/ceip-jrj\/wp-json\/wp\/v2\/posts"}],"about":[{"href":"https:\/\/agora.xtec.cat\/ceip-jrj\/wp-json\/wp\/v2\/types\/post"}],"author":[{"embeddable":true,"href":"https:\/\/agora.xtec.cat\/ceip-jrj\/wp-json\/wp\/v2\/users\/14"}],"replies":[{"embeddable":true,"href":"https:\/\/agora.xtec.cat\/ceip-jrj\/wp-json\/wp\/v2\/comments?post=6989"}],"version-history":[{"count":2,"href":"https:\/\/agora.xtec.cat\/ceip-jrj\/wp-json\/wp\/v2\/posts\/6989\/revisions"}],"predecessor-version":[{"id":6999,"href":"https:\/\/agora.xtec.cat\/ceip-jrj\/wp-json\/wp\/v2\/posts\/6989\/revisions\/6999"}],"wp:featuredmedia":[{"embeddable":true,"href":"https:\/\/agora.xtec.cat\/ceip-jrj\/wp-json\/wp\/v2\/media\/6990"}],"wp:attachment":[{"href":"https:\/\/agora.xtec.cat\/ceip-jrj\/wp-json\/wp\/v2\/media?parent=6989"}],"wp:term":[{"taxonomy":"category","embeddable":true,"href":"https:\/\/agora.xtec.cat\/ceip-jrj\/wp-json\/wp\/v2\/categories?post=6989"},{"taxonomy":"post_tag","embeddable":true,"href":"https:\/\/agora.xtec.cat\/ceip-jrj\/wp-json\/wp\/v2\/tags?post=6989"}],"curies":[{"name":"wp","href":"https:\/\/api.w.org\/{rel}","templated":true}]}}