{"id":6981,"date":"2024-10-11T12:46:49","date_gmt":"2024-10-11T10:46:49","guid":{"rendered":"https:\/\/agora.xtec.cat\/ceip-jrj\/?p=6981"},"modified":"2024-10-27T09:41:34","modified_gmt":"2024-10-27T08:41:34","slug":"nou-consell-de-delegats-i-delegades-%f0%9f%8c%9f","status":"publish","type":"post","link":"https:\/\/agora.xtec.cat\/ceip-jrj\/general\/nou-consell-de-delegats-i-delegades-%f0%9f%8c%9f\/","title":{"rendered":"Constitu\u00efm el Consell de Delegats i Delegades! \ud83c\udf1f"},"content":{"rendered":"<p><span style=\"font-weight: 400;\">Ens complau anunciar la constituci\u00f3 del Consell de Delegats i Delegades, aix\u00ed com dels Sotsdelegats i Sotsdelegades, un \u00f2rgan fonamental a la nostra escola. Aquest equip jugar\u00e0 un paper essencial en la representaci\u00f3 de les veus dels nostres alumnes i en la presa de decisions que afecten la comunitat educativa.<\/span><\/p>\n<p><span style=\"font-weight: 400;\">A l\u2019escola Juan Ram\u00f3n Jim\u00e9nez, treballem constantment per assegurar-nos que l&#8217;infant \u00e9s el centre de l&#8217;aprenentatge. Amb el Consell, volem potenciar la seva participaci\u00f3 activa i fomentar valors com la responsabilitat, la col\u00b7laboraci\u00f3 i la comunicaci\u00f3.<\/span><\/p>\n<p><span style=\"font-weight: 400;\">Estem emocionats de veure com els nostres alumnes esdevindran agents de canvi i lideraran iniciatives que faran la nostra escola encara millor! \ud83d\udcaa\ud83d\udcda<\/span><\/p>\n<p><span style=\"font-weight: 400;\">#ConsellDeDelegats #Participaci\u00f3 #Educaci\u00f3 #AprenentatgeActiu #EscolaJuanRam\u00f3nJim\u00e9nez<\/span><\/p>\n<h6 dir=\"auto\" style=\"text-align: center;\">Si voleu veure la fotografia, cliqueu a la pestanya FOTOS situada a la part superior dreta en aquesta pantalla (imatge d&#8217;una c\u00e0mera fotogr\u00e0fica). Recordeu a introduir el codi d&#8217;acc\u00e9s per a garantir la protecci\u00f3 de dades dels menors.<\/h6>\n","protected":false},"excerpt":{"rendered":"<p>Ens complau anunciar la constituci\u00f3 del Consell de Delegats i Delegades, aix\u00ed com dels Sotsdelegats i Sotsdelegades, un \u00f2rgan fonamental a la nostra escola. Aquest equip jugar\u00e0 un paper essencial en la representaci\u00f3 de les veus dels nostres alumnes i en la presa de decisions que afecten la comunitat educativa.&hellip;  <a href=\"https:\/\/agora.xtec.cat\/ceip-jrj\/general\/nou-consell-de-delegats-i-delegades-%f0%9f%8c%9f\/\" title=\"Read Constitu\u00efm el Consell de Delegats i Delegades! \ud83c\udf1f\">Llegeix m\u00e9s\u00bb<\/a><\/p>\n","protected":false},"author":14,"featured_media":6982,"comment_status":"closed","ping_status":"closed","sticky":false,"template":"","format":"standard","meta":{"_bbp_topic_count":0,"_bbp_reply_count":0,"_bbp_total_topic_count":0,"_bbp_total_reply_count":0,"_bbp_voice_count":0,"_bbp_anonymous_reply_count":0,"_bbp_topic_count_hidden":0,"_bbp_reply_count_hidden":0,"_bbp_forum_subforum_count":0,"footnotes":""},"categories":[1,4],"tags":[],"class_list":["post-6981","post","type-post","status-publish","format-standard","has-post-thumbnail","hentry","category-general","category-portada"],"post_mailing_queue_ids":[],"_links":{"self":[{"href":"https:\/\/agora.xtec.cat\/ceip-jrj\/wp-json\/wp\/v2\/posts\/6981","targetHints":{"allow":["GET"]}}],"collection":[{"href":"https:\/\/agora.xtec.cat\/ceip-jrj\/wp-json\/wp\/v2\/posts"}],"about":[{"href":"https:\/\/agora.xtec.cat\/ceip-jrj\/wp-json\/wp\/v2\/types\/post"}],"author":[{"embeddable":true,"href":"https:\/\/agora.xtec.cat\/ceip-jrj\/wp-json\/wp\/v2\/users\/14"}],"replies":[{"embeddable":true,"href":"https:\/\/agora.xtec.cat\/ceip-jrj\/wp-json\/wp\/v2\/comments?post=6981"}],"version-history":[{"count":6,"href":"https:\/\/agora.xtec.cat\/ceip-jrj\/wp-json\/wp\/v2\/posts\/6981\/revisions"}],"predecessor-version":[{"id":7028,"href":"https:\/\/agora.xtec.cat\/ceip-jrj\/wp-json\/wp\/v2\/posts\/6981\/revisions\/7028"}],"wp:featuredmedia":[{"embeddable":true,"href":"https:\/\/agora.xtec.cat\/ceip-jrj\/wp-json\/wp\/v2\/media\/6982"}],"wp:attachment":[{"href":"https:\/\/agora.xtec.cat\/ceip-jrj\/wp-json\/wp\/v2\/media?parent=6981"}],"wp:term":[{"taxonomy":"category","embeddable":true,"href":"https:\/\/agora.xtec.cat\/ceip-jrj\/wp-json\/wp\/v2\/categories?post=6981"},{"taxonomy":"post_tag","embeddable":true,"href":"https:\/\/agora.xtec.cat\/ceip-jrj\/wp-json\/wp\/v2\/tags?post=6981"}],"curies":[{"name":"wp","href":"https:\/\/api.w.org\/{rel}","templated":true}]}}