{"id":6975,"date":"2024-10-11T06:37:05","date_gmt":"2024-10-11T04:37:05","guid":{"rendered":"https:\/\/agora.xtec.cat\/ceip-jrj\/?p=6975"},"modified":"2024-10-27T09:37:59","modified_gmt":"2024-10-27T08:37:59","slug":"entre-raims-i-somriures","status":"publish","type":"post","link":"https:\/\/agora.xtec.cat\/ceip-jrj\/general\/entre-raims-i-somriures\/","title":{"rendered":"Entre Ra\u00efms i Somriures"},"content":{"rendered":"<div dir=\"auto\"><a href=\"https:\/\/agora.xtec.cat\/ceip-jrj\/wp-content\/uploads\/usu280\/2024\/10\/Sin-titulo.png\"><img loading=\"lazy\" decoding=\"async\" class=\"wp-image-6976 alignleft\" src=\"https:\/\/agora.xtec.cat\/ceip-jrj\/wp-content\/uploads\/usu280\/2024\/10\/Sin-titulo-1024x641.png\" alt=\"\" width=\"340\" height=\"213\" srcset=\"https:\/\/agora.xtec.cat\/ceip-jrj\/wp-content\/uploads\/usu280\/2024\/10\/Sin-titulo-1024x641.png 1024w, https:\/\/agora.xtec.cat\/ceip-jrj\/wp-content\/uploads\/usu280\/2024\/10\/Sin-titulo-300x188.png 300w, https:\/\/agora.xtec.cat\/ceip-jrj\/wp-content\/uploads\/usu280\/2024\/10\/Sin-titulo-768x481.png 768w, https:\/\/agora.xtec.cat\/ceip-jrj\/wp-content\/uploads\/usu280\/2024\/10\/Sin-titulo.png 1035w\" sizes=\"auto, (max-width: 340px) 100vw, 340px\" \/><\/a><\/div>\n<div dir=\"auto\">\n<p>El passat dimarts, 8 d&#8217;octubre, les nenes i els nens de cicle Inicial vam anar a la granja de Can Montcau per gaudir de tot el proc\u00e9s de la tradicional Verema.<\/p>\n<p>En arribar vam fer un p\u00edcnic per esmorzar tots junts. Tot seguit, van passejar per les vinyes de la granja mentre els experts ens ensenyaven els tipus de ra\u00efm, les parts d&#8217;un cep&#8230;<\/p>\n<p>A m\u00e9s, com can Montcau \u00e9s una granja tamb\u00e9 vam poder apropar-nos a veure els animals abans de transformar-nos en romans i fer el nostre propi most!<br \/>\nEn acabar vam con\u00e8ixer el proc\u00e9s de fermentaci\u00f3 i vam fer una visita al celler de la granja! Va ser un dia molt complet!<\/p>\n<\/div>\n<h6 dir=\"auto\" style=\"text-align: center;\">Per veure les fotografies, feu clic a la pestanya <strong>FOTOS<\/strong>, situada a la part superior dreta de la pantalla (identificada amb una icona de c\u00e0mera fotogr\u00e0fica). Recordeu que, per garantir la protecci\u00f3 de dades dels menors, haureu d\u2019introduir el codi d\u2019acc\u00e9s proporcionat.<\/h6>\n","protected":false},"excerpt":{"rendered":"<p>El passat dimarts, 8 d&#8217;octubre, les nenes i els nens de cicle Inicial vam anar a la granja de Can Montcau per gaudir de tot el proc\u00e9s de la tradicional Verema.&hellip;  <a href=\"https:\/\/agora.xtec.cat\/ceip-jrj\/general\/entre-raims-i-somriures\/\" title=\"Read Entre Ra\u00efms i Somriures\">Llegeix m\u00e9s\u00bb<\/a><\/p>\n","protected":false},"author":9,"featured_media":6978,"comment_status":"closed","ping_status":"closed","sticky":false,"template":"","format":"standard","meta":{"_bbp_topic_count":0,"_bbp_reply_count":0,"_bbp_total_topic_count":0,"_bbp_total_reply_count":0,"_bbp_voice_count":0,"_bbp_anonymous_reply_count":0,"_bbp_topic_count_hidden":0,"_bbp_reply_count_hidden":0,"_bbp_forum_subforum_count":0,"footnotes":""},"categories":[10,11,1,4,5],"tags":[],"class_list":["post-6975","post","type-post","status-publish","format-standard","has-post-thumbnail","hentry","category-1r","category-2n","category-general","category-portada","category-primaria"],"post_mailing_queue_ids":[],"_links":{"self":[{"href":"https:\/\/agora.xtec.cat\/ceip-jrj\/wp-json\/wp\/v2\/posts\/6975","targetHints":{"allow":["GET"]}}],"collection":[{"href":"https:\/\/agora.xtec.cat\/ceip-jrj\/wp-json\/wp\/v2\/posts"}],"about":[{"href":"https:\/\/agora.xtec.cat\/ceip-jrj\/wp-json\/wp\/v2\/types\/post"}],"author":[{"embeddable":true,"href":"https:\/\/agora.xtec.cat\/ceip-jrj\/wp-json\/wp\/v2\/users\/9"}],"replies":[{"embeddable":true,"href":"https:\/\/agora.xtec.cat\/ceip-jrj\/wp-json\/wp\/v2\/comments?post=6975"}],"version-history":[{"count":6,"href":"https:\/\/agora.xtec.cat\/ceip-jrj\/wp-json\/wp\/v2\/posts\/6975\/revisions"}],"predecessor-version":[{"id":7025,"href":"https:\/\/agora.xtec.cat\/ceip-jrj\/wp-json\/wp\/v2\/posts\/6975\/revisions\/7025"}],"wp:featuredmedia":[{"embeddable":true,"href":"https:\/\/agora.xtec.cat\/ceip-jrj\/wp-json\/wp\/v2\/media\/6978"}],"wp:attachment":[{"href":"https:\/\/agora.xtec.cat\/ceip-jrj\/wp-json\/wp\/v2\/media?parent=6975"}],"wp:term":[{"taxonomy":"category","embeddable":true,"href":"https:\/\/agora.xtec.cat\/ceip-jrj\/wp-json\/wp\/v2\/categories?post=6975"},{"taxonomy":"post_tag","embeddable":true,"href":"https:\/\/agora.xtec.cat\/ceip-jrj\/wp-json\/wp\/v2\/tags?post=6975"}],"curies":[{"name":"wp","href":"https:\/\/api.w.org\/{rel}","templated":true}]}}