{"id":6966,"date":"2024-10-05T10:38:30","date_gmt":"2024-10-05T08:38:30","guid":{"rendered":"https:\/\/agora.xtec.cat\/ceip-jrj\/?p=6966"},"modified":"2024-10-27T08:20:56","modified_gmt":"2024-10-27T07:20:56","slug":"aventura-solar","status":"publish","type":"post","link":"https:\/\/agora.xtec.cat\/ceip-jrj\/general\/aventura-solar\/","title":{"rendered":"Aventura solar"},"content":{"rendered":"<p><img loading=\"lazy\" decoding=\"async\" class=\"wp-image-20959 alignright\" src=\"https:\/\/serveiseducatius.xtec.cat\/cda-cansantoi\/wp-content\/uploads\/usu1385\/2024\/10\/muntatge2-188x300.jpg\" sizes=\"auto, (max-width: 246px) 100vw, 246px\" srcset=\"https:\/\/serveiseducatius.xtec.cat\/cda-cansantoi\/wp-content\/uploads\/usu1385\/2024\/10\/muntatge2-188x300.jpg 188w, https:\/\/serveiseducatius.xtec.cat\/cda-cansantoi\/wp-content\/uploads\/usu1385\/2024\/10\/muntatge2.jpg 250w\" alt=\"\" width=\"189\" height=\"303\" \/><\/p>\n<p>&nbsp;<\/p>\n<p>L&#8217;1 d&#8217;octubre els nois i les noies de 5\u00e8 van participar en uns tallers d\u2019energia solar\u00a0al\u00a0Camp d\u2019aprenentatge Can Santoi\u00a0per aprendre sobre les energies renovables.<\/p>\n<p>Han fet una reflexi\u00f3 sobre quins tipus de raigs ens envia el nostre amic el Sol i com els podem utilitzar. Tamb\u00e9 han discutit sobre si les energies renovables ens ajuden contaminar menys i a estalviar energia.\u00a0 A m\u00e9s, els tres grups han experimentat amb la cuina solar parab\u00f2lica, la producci\u00f3 d\u2019electricitat amb plaques fotovoltaiques i els col\u00b7lectors solars.<\/p>\n<h6 dir=\"auto\" style=\"text-align: center;\">Si voleu veure les fotografies, cliqueu a la pestanya FOTOS que podeu veure a la part superior dreta en aquesta pantalla (imatge d&#8217;una c\u00e0mera fotogr\u00e0fica).<\/h6>\n<h6 dir=\"auto\" style=\"text-align: center;\"><em>\u00a0 \u00a0 \u00a0 \u00a0 \u00a0 \u00a0 \u00a0 \u00a0 \u00a0 \u00a0 \u00a0 \u00a0 Recordeu que heu de posar el codi per a protecci\u00f3 de dades dels menors<\/em>.<\/h6>\n","protected":false},"excerpt":{"rendered":"<p>L&#8217;1 d&#8217;octubre els nois i les noies de 5\u00e8 van participar en uns tallers d\u2019energia solar\u00a0al\u00a0Camp d\u2019aprenentatge Can Santoi\u00a0per aprendre sobre les energies renovables.&hellip;  <a href=\"https:\/\/agora.xtec.cat\/ceip-jrj\/general\/aventura-solar\/\" title=\"Read Aventura solar\">Llegeix m\u00e9s\u00bb<\/a><\/p>\n","protected":false},"author":1,"featured_media":6967,"comment_status":"closed","ping_status":"closed","sticky":false,"template":"","format":"standard","meta":{"_bbp_topic_count":0,"_bbp_reply_count":0,"_bbp_total_topic_count":0,"_bbp_total_reply_count":0,"_bbp_voice_count":0,"_bbp_anonymous_reply_count":0,"_bbp_topic_count_hidden":0,"_bbp_reply_count_hidden":0,"_bbp_forum_subforum_count":0,"footnotes":""},"categories":[14,1,4,5],"tags":[],"class_list":["post-6966","post","type-post","status-publish","format-standard","has-post-thumbnail","hentry","category-5e","category-general","category-portada","category-primaria"],"post_mailing_queue_ids":[],"_links":{"self":[{"href":"https:\/\/agora.xtec.cat\/ceip-jrj\/wp-json\/wp\/v2\/posts\/6966","targetHints":{"allow":["GET"]}}],"collection":[{"href":"https:\/\/agora.xtec.cat\/ceip-jrj\/wp-json\/wp\/v2\/posts"}],"about":[{"href":"https:\/\/agora.xtec.cat\/ceip-jrj\/wp-json\/wp\/v2\/types\/post"}],"author":[{"embeddable":true,"href":"https:\/\/agora.xtec.cat\/ceip-jrj\/wp-json\/wp\/v2\/users\/1"}],"replies":[{"embeddable":true,"href":"https:\/\/agora.xtec.cat\/ceip-jrj\/wp-json\/wp\/v2\/comments?post=6966"}],"version-history":[{"count":4,"href":"https:\/\/agora.xtec.cat\/ceip-jrj\/wp-json\/wp\/v2\/posts\/6966\/revisions"}],"predecessor-version":[{"id":7021,"href":"https:\/\/agora.xtec.cat\/ceip-jrj\/wp-json\/wp\/v2\/posts\/6966\/revisions\/7021"}],"wp:featuredmedia":[{"embeddable":true,"href":"https:\/\/agora.xtec.cat\/ceip-jrj\/wp-json\/wp\/v2\/media\/6967"}],"wp:attachment":[{"href":"https:\/\/agora.xtec.cat\/ceip-jrj\/wp-json\/wp\/v2\/media?parent=6966"}],"wp:term":[{"taxonomy":"category","embeddable":true,"href":"https:\/\/agora.xtec.cat\/ceip-jrj\/wp-json\/wp\/v2\/categories?post=6966"},{"taxonomy":"post_tag","embeddable":true,"href":"https:\/\/agora.xtec.cat\/ceip-jrj\/wp-json\/wp\/v2\/tags?post=6966"}],"curies":[{"name":"wp","href":"https:\/\/api.w.org\/{rel}","templated":true}]}}