{"id":6940,"date":"2024-09-30T05:53:21","date_gmt":"2024-09-30T03:53:21","guid":{"rendered":"https:\/\/agora.xtec.cat\/ceip-jrj\/?p=6940"},"modified":"2024-10-27T09:39:26","modified_gmt":"2024-10-27T08:39:26","slug":"els-alumnes-de-6e-visiten-la-colonia-guell","status":"publish","type":"post","link":"https:\/\/agora.xtec.cat\/ceip-jrj\/portada\/els-alumnes-de-6e-visiten-la-colonia-guell\/","title":{"rendered":"Els alumnes de 6\u00e8 visiten la Col\u00f2nia G\u00fcell"},"content":{"rendered":"<p><img loading=\"lazy\" decoding=\"async\" class=\" wp-image-6942 alignleft\" src=\"https:\/\/agora.xtec.cat\/ceip-jrj\/wp-content\/uploads\/usu280\/2024\/09\/Sin-titulo.png\" alt=\"\" width=\"168\" height=\"349\" srcset=\"https:\/\/agora.xtec.cat\/ceip-jrj\/wp-content\/uploads\/usu280\/2024\/09\/Sin-titulo.png 292w, https:\/\/agora.xtec.cat\/ceip-jrj\/wp-content\/uploads\/usu280\/2024\/09\/Sin-titulo-144x300.png 144w\" sizes=\"auto, (max-width: 168px) 100vw, 168px\" \/><\/p>\n<p>&nbsp;<\/p>\n<p>&nbsp;<\/p>\n<p>L&#8217;alumnat de 6\u00e8 nivell de la nostra escola incia el curs fent una sortida a la Col\u00f2nia G\u00fcell, on han conegut la hist\u00f2ria d&#8217;aquesta col\u00f2nia industrial i han visitat la Cripta de Gaud\u00ed. La sortida ha estat una experi\u00e8ncia educativa sobre el modernisme i la cultura catalana.<\/p>\n<h4 dir=\"auto\" style=\"text-align: center;\">Per veure les fotografies, feu clic a la pestanya <strong>FOTOS<\/strong>, situada a la part superior dreta de la pantalla (identificada amb una icona de c\u00e0mera fotogr\u00e0fica). Recordeu que, per garantir la protecci\u00f3 de dades dels menors, haureu d\u2019introduir el codi d\u2019acc\u00e9s proporcionat.<\/h4>\n<p>&nbsp;<\/p>\n","protected":false},"excerpt":{"rendered":"<p>L&#8217;alumnat de 6\u00e8 nivell de la nostra escola incia el curs fent una sortida a la Col\u00f2nia G\u00fcell, on han conegut la hist\u00f2ria d&#8217;aquesta col\u00f2nia industrial i han visitat la Cripta de Gaud\u00ed.&hellip;  <a href=\"https:\/\/agora.xtec.cat\/ceip-jrj\/portada\/els-alumnes-de-6e-visiten-la-colonia-guell\/\" title=\"Read Els alumnes de 6\u00e8 visiten la Col\u00f2nia G\u00fcell\">Llegeix m\u00e9s\u00bb<\/a><\/p>\n","protected":false},"author":1,"featured_media":6944,"comment_status":"closed","ping_status":"closed","sticky":false,"template":"","format":"standard","meta":{"_bbp_topic_count":0,"_bbp_reply_count":0,"_bbp_total_topic_count":0,"_bbp_total_reply_count":0,"_bbp_voice_count":0,"_bbp_anonymous_reply_count":0,"_bbp_topic_count_hidden":0,"_bbp_reply_count_hidden":0,"_bbp_forum_subforum_count":0,"footnotes":""},"categories":[15,4,5],"tags":[],"class_list":["post-6940","post","type-post","status-publish","format-standard","has-post-thumbnail","hentry","category-6e","category-portada","category-primaria"],"post_mailing_queue_ids":[],"_links":{"self":[{"href":"https:\/\/agora.xtec.cat\/ceip-jrj\/wp-json\/wp\/v2\/posts\/6940","targetHints":{"allow":["GET"]}}],"collection":[{"href":"https:\/\/agora.xtec.cat\/ceip-jrj\/wp-json\/wp\/v2\/posts"}],"about":[{"href":"https:\/\/agora.xtec.cat\/ceip-jrj\/wp-json\/wp\/v2\/types\/post"}],"author":[{"embeddable":true,"href":"https:\/\/agora.xtec.cat\/ceip-jrj\/wp-json\/wp\/v2\/users\/1"}],"replies":[{"embeddable":true,"href":"https:\/\/agora.xtec.cat\/ceip-jrj\/wp-json\/wp\/v2\/comments?post=6940"}],"version-history":[{"count":7,"href":"https:\/\/agora.xtec.cat\/ceip-jrj\/wp-json\/wp\/v2\/posts\/6940\/revisions"}],"predecessor-version":[{"id":7027,"href":"https:\/\/agora.xtec.cat\/ceip-jrj\/wp-json\/wp\/v2\/posts\/6940\/revisions\/7027"}],"wp:featuredmedia":[{"embeddable":true,"href":"https:\/\/agora.xtec.cat\/ceip-jrj\/wp-json\/wp\/v2\/media\/6944"}],"wp:attachment":[{"href":"https:\/\/agora.xtec.cat\/ceip-jrj\/wp-json\/wp\/v2\/media?parent=6940"}],"wp:term":[{"taxonomy":"category","embeddable":true,"href":"https:\/\/agora.xtec.cat\/ceip-jrj\/wp-json\/wp\/v2\/categories?post=6940"},{"taxonomy":"post_tag","embeddable":true,"href":"https:\/\/agora.xtec.cat\/ceip-jrj\/wp-json\/wp\/v2\/tags?post=6940"}],"curies":[{"name":"wp","href":"https:\/\/api.w.org\/{rel}","templated":true}]}}