{"id":6814,"date":"2024-06-03T19:08:26","date_gmt":"2024-06-03T17:08:26","guid":{"rendered":"https:\/\/agora.xtec.cat\/ceip-jrj\/?p=6814"},"modified":"2024-06-04T20:23:18","modified_gmt":"2024-06-04T18:23:18","slug":"ultima-reunio-de-delegades-ts","status":"publish","type":"post","link":"https:\/\/agora.xtec.cat\/ceip-jrj\/general\/ultima-reunio-de-delegades-ts\/","title":{"rendered":"\u00daltima reuni\u00f3 de delegades\/ts"},"content":{"rendered":"<p>Avui, dilluns 3 de juny, ha tingut lloc l&#8217;\u00faltima reuni\u00f3 de delegades i delegats de l&#8217;escola.<\/p>\n<p>Mensualment, ens hem reunit amb els representants de cada classe per tractar diferents temes, des de la neteja als patis, la conviv\u00e8ncia a les aules, la lectura o les restriccions per sequera.<\/p>\n<p>La d&#8217;avui, si m\u00e9s no, \u00e9s una de les reunions m\u00e9s importants ja que es realitza la votaci\u00f3 per con\u00e8ixer el tema transversal del curs vinent. Cada representant ha portat a la votaci\u00f3 un tema triat a l&#8217;aula. D&#8217;entre tots els temes, tres han estat els m\u00e9s votats, amb un empat a 4 punts cadascun: els signes del zod\u00edac, l&#8217;espai i els animals en perill d&#8217;extinci\u00f3. L&#8217;alumnat d&#8217;infantil no t\u00e9 representants a la reuni\u00f3 de delegades i delegats per\u00f2 s\u00ed que hi ha aportat temes per votar. Aix\u00ed, doncs, seran els alumnes d&#8217;educaci\u00f3 infantil als quals deixarem la decisi\u00f3 final. Us mantindrem informades\/ts.<\/p>\n<p>Un dels aspectes a destacar d&#8217;enguany han estat &#8220;els contes de delagades i delegats&#8221;. A cada reuni\u00f3 el\/la representant de classe ha triat un \u00e0lbum il\u00b7lustrat, d&#8217;entre una selecci\u00f3, i la mestra o el mestre del grup tenia &#8220;com a deures&#8221; explicar-lo a tota la classe. De manera que cada mes, com a m\u00ednim, la literatura infantil ha entrat a la classe a trav\u00e9s de t\u00edtols preciosos com &#8220;T&#8217;estimo&#8221;, &#8220;Els indis pell rosa&#8221;, &#8220;Quan estic tranquil&#8221;, &#8220;\u00a1Soy una ni\u00f1a!&#8221;, &#8220;El nad\u00f3 capitost&#8221;, entre d&#8217;altres.<\/p>\n<p>Per cert, no us perdeu la revista d&#8217;enguany, on hi ha un article amb un v\u00eddeo fet per les delegades i delegats.<\/p>\n<p><img loading=\"lazy\" decoding=\"async\" class=\"alignnone size-full wp-image-6815\" src=\"https:\/\/agora.xtec.cat\/ceip-jrj\/wp-content\/uploads\/usu280\/2024\/06\/Img_6122.jpg\" alt=\"\" width=\"1613\" height=\"1210\" srcset=\"https:\/\/agora.xtec.cat\/ceip-jrj\/wp-content\/uploads\/usu280\/2024\/06\/Img_6122.jpg 1613w, https:\/\/agora.xtec.cat\/ceip-jrj\/wp-content\/uploads\/usu280\/2024\/06\/Img_6122-300x225.jpg 300w, https:\/\/agora.xtec.cat\/ceip-jrj\/wp-content\/uploads\/usu280\/2024\/06\/Img_6122-1024x768.jpg 1024w, https:\/\/agora.xtec.cat\/ceip-jrj\/wp-content\/uploads\/usu280\/2024\/06\/Img_6122-768x576.jpg 768w, https:\/\/agora.xtec.cat\/ceip-jrj\/wp-content\/uploads\/usu280\/2024\/06\/Img_6122-1536x1152.jpg 1536w, https:\/\/agora.xtec.cat\/ceip-jrj\/wp-content\/uploads\/usu280\/2024\/06\/Img_6122-200x150.jpg 200w\" sizes=\"auto, (max-width: 1613px) 100vw, 1613px\" \/><\/p>\n","protected":false},"excerpt":{"rendered":"<p>Avui, dilluns 3 de juny, ha tingut lloc l&#8217;\u00faltima reuni\u00f3 de delegades i delegats de l&#8217;escola.<br \/>\nMensualment, ens hem reunit amb els representants de cada classe per tractar diferents temes, des de la neteja als patis, la conviv\u00e8ncia a les aules, la lectura o les restriccions&hellip;  <a href=\"https:\/\/agora.xtec.cat\/ceip-jrj\/general\/ultima-reunio-de-delegades-ts\/\" title=\"Read \u00daltima reuni\u00f3 de delegades\/ts\">Llegeix m\u00e9s\u00bb<\/a><\/p>\n","protected":false},"author":1,"featured_media":6817,"comment_status":"open","ping_status":"closed","sticky":false,"template":"","format":"standard","meta":{"_bbp_topic_count":0,"_bbp_reply_count":0,"_bbp_total_topic_count":0,"_bbp_total_reply_count":0,"_bbp_voice_count":0,"_bbp_anonymous_reply_count":0,"_bbp_topic_count_hidden":0,"_bbp_reply_count_hidden":0,"_bbp_forum_subforum_count":0,"footnotes":""},"categories":[1,4,5],"tags":[],"class_list":["post-6814","post","type-post","status-publish","format-standard","has-post-thumbnail","hentry","category-general","category-portada","category-primaria"],"post_mailing_queue_ids":[],"_links":{"self":[{"href":"https:\/\/agora.xtec.cat\/ceip-jrj\/wp-json\/wp\/v2\/posts\/6814","targetHints":{"allow":["GET"]}}],"collection":[{"href":"https:\/\/agora.xtec.cat\/ceip-jrj\/wp-json\/wp\/v2\/posts"}],"about":[{"href":"https:\/\/agora.xtec.cat\/ceip-jrj\/wp-json\/wp\/v2\/types\/post"}],"author":[{"embeddable":true,"href":"https:\/\/agora.xtec.cat\/ceip-jrj\/wp-json\/wp\/v2\/users\/1"}],"replies":[{"embeddable":true,"href":"https:\/\/agora.xtec.cat\/ceip-jrj\/wp-json\/wp\/v2\/comments?post=6814"}],"version-history":[{"count":1,"href":"https:\/\/agora.xtec.cat\/ceip-jrj\/wp-json\/wp\/v2\/posts\/6814\/revisions"}],"predecessor-version":[{"id":6816,"href":"https:\/\/agora.xtec.cat\/ceip-jrj\/wp-json\/wp\/v2\/posts\/6814\/revisions\/6816"}],"wp:featuredmedia":[{"embeddable":true,"href":"https:\/\/agora.xtec.cat\/ceip-jrj\/wp-json\/wp\/v2\/media\/6817"}],"wp:attachment":[{"href":"https:\/\/agora.xtec.cat\/ceip-jrj\/wp-json\/wp\/v2\/media?parent=6814"}],"wp:term":[{"taxonomy":"category","embeddable":true,"href":"https:\/\/agora.xtec.cat\/ceip-jrj\/wp-json\/wp\/v2\/categories?post=6814"},{"taxonomy":"post_tag","embeddable":true,"href":"https:\/\/agora.xtec.cat\/ceip-jrj\/wp-json\/wp\/v2\/tags?post=6814"}],"curies":[{"name":"wp","href":"https:\/\/api.w.org\/{rel}","templated":true}]}}