{"id":6779,"date":"2024-05-16T22:34:58","date_gmt":"2024-05-16T20:34:58","guid":{"rendered":"https:\/\/agora.xtec.cat\/ceip-jrj\/?p=6779"},"modified":"2024-05-16T22:35:19","modified_gmt":"2024-05-16T20:35:19","slug":"una-fabrica-dallo-mes-dolca","status":"publish","type":"post","link":"https:\/\/agora.xtec.cat\/ceip-jrj\/general\/una-fabrica-dallo-mes-dolca\/","title":{"rendered":"Una f\u00e0brica d&#8217;all\u00f2 m\u00e9s dol\u00e7a!"},"content":{"rendered":"<p><a href=\"https:\/\/agora.xtec.cat\/ceip-jrj\/wp-content\/uploads\/usu280\/2024\/05\/PORTADA-1.png\"><img loading=\"lazy\" decoding=\"async\" class=\"wp-image-6780 alignleft\" src=\"https:\/\/agora.xtec.cat\/ceip-jrj\/wp-content\/uploads\/usu280\/2024\/05\/PORTADA-1.png\" alt=\"\" width=\"212\" height=\"322\" srcset=\"https:\/\/agora.xtec.cat\/ceip-jrj\/wp-content\/uploads\/usu280\/2024\/05\/PORTADA-1.png 636w, https:\/\/agora.xtec.cat\/ceip-jrj\/wp-content\/uploads\/usu280\/2024\/05\/PORTADA-1-198x300.png 198w\" sizes=\"auto, (max-width: 212px) 100vw, 212px\" \/><\/a><\/p>\n<p><a href=\"https:\/\/agora.xtec.cat\/ceip-jrj\/wp-content\/uploads\/usu280\/2024\/05\/PORTADA-2.png\"><img loading=\"lazy\" decoding=\"async\" class=\" wp-image-6781 alignright\" src=\"https:\/\/agora.xtec.cat\/ceip-jrj\/wp-content\/uploads\/usu280\/2024\/05\/PORTADA-2.png\" alt=\"\" width=\"227\" height=\"303\" srcset=\"https:\/\/agora.xtec.cat\/ceip-jrj\/wp-content\/uploads\/usu280\/2024\/05\/PORTADA-2.png 730w, https:\/\/agora.xtec.cat\/ceip-jrj\/wp-content\/uploads\/usu280\/2024\/05\/PORTADA-2-225x300.png 225w\" sizes=\"auto, (max-width: 227px) 100vw, 227px\" \/><\/a><\/p>\n<p>Les nenes i els nens de primer hem visitat la f\u00e0brica de Cacaolat de Santa Coloma de Gramenet. Vam poder observar el seu proc\u00e9s de fabricaci\u00f3 i con\u00e8ixer tots els secrets de la seva recepta. Hem descobert d&#8217;on provenen aquests ingredients i ens hem endinsat en l&#8217;interior de la f\u00e0brica per veure el proc\u00e9s d&#8217;embotellament.<br \/>\nTamb\u00e9 vam poder fer un petit tast i emportar-nos un detall per casa. A l&#8217;escola tamb\u00e9 ho vam passar genial, amb una sessi\u00f3 de jocs al pati i una altra de cinema&#8230; AMB CRISPETES I TOT!<\/p>\n<h3 style=\"text-align: center;\"><a href=\"https:\/\/photos.app.goo.gl\/SFXsx8zVGKE7mbas9\">GALERIA FOTOGR\u00c0FICA<\/a><\/h3>\n","protected":false},"excerpt":{"rendered":"<p>Les nenes i els nens de primer hem visitat la f\u00e0brica de Cacaolat de Santa Coloma de Gramenet.&hellip;  <a href=\"https:\/\/agora.xtec.cat\/ceip-jrj\/general\/una-fabrica-dallo-mes-dolca\/\" title=\"Read Una f\u00e0brica d&#8217;all\u00f2 m\u00e9s dol\u00e7a!\">Llegeix m\u00e9s\u00bb<\/a><\/p>\n","protected":false},"author":9,"featured_media":6781,"comment_status":"closed","ping_status":"closed","sticky":false,"template":"","format":"standard","meta":{"_bbp_topic_count":0,"_bbp_reply_count":0,"_bbp_total_topic_count":0,"_bbp_total_reply_count":0,"_bbp_voice_count":0,"_bbp_anonymous_reply_count":0,"_bbp_topic_count_hidden":0,"_bbp_reply_count_hidden":0,"_bbp_forum_subforum_count":0,"footnotes":""},"categories":[10,1,4,5],"tags":[],"class_list":["post-6779","post","type-post","status-publish","format-standard","has-post-thumbnail","hentry","category-1r","category-general","category-portada","category-primaria"],"post_mailing_queue_ids":[],"_links":{"self":[{"href":"https:\/\/agora.xtec.cat\/ceip-jrj\/wp-json\/wp\/v2\/posts\/6779","targetHints":{"allow":["GET"]}}],"collection":[{"href":"https:\/\/agora.xtec.cat\/ceip-jrj\/wp-json\/wp\/v2\/posts"}],"about":[{"href":"https:\/\/agora.xtec.cat\/ceip-jrj\/wp-json\/wp\/v2\/types\/post"}],"author":[{"embeddable":true,"href":"https:\/\/agora.xtec.cat\/ceip-jrj\/wp-json\/wp\/v2\/users\/9"}],"replies":[{"embeddable":true,"href":"https:\/\/agora.xtec.cat\/ceip-jrj\/wp-json\/wp\/v2\/comments?post=6779"}],"version-history":[{"count":2,"href":"https:\/\/agora.xtec.cat\/ceip-jrj\/wp-json\/wp\/v2\/posts\/6779\/revisions"}],"predecessor-version":[{"id":6783,"href":"https:\/\/agora.xtec.cat\/ceip-jrj\/wp-json\/wp\/v2\/posts\/6779\/revisions\/6783"}],"wp:featuredmedia":[{"embeddable":true,"href":"https:\/\/agora.xtec.cat\/ceip-jrj\/wp-json\/wp\/v2\/media\/6781"}],"wp:attachment":[{"href":"https:\/\/agora.xtec.cat\/ceip-jrj\/wp-json\/wp\/v2\/media?parent=6779"}],"wp:term":[{"taxonomy":"category","embeddable":true,"href":"https:\/\/agora.xtec.cat\/ceip-jrj\/wp-json\/wp\/v2\/categories?post=6779"},{"taxonomy":"post_tag","embeddable":true,"href":"https:\/\/agora.xtec.cat\/ceip-jrj\/wp-json\/wp\/v2\/tags?post=6779"}],"curies":[{"name":"wp","href":"https:\/\/api.w.org\/{rel}","templated":true}]}}