{"id":6768,"date":"2024-05-14T15:44:48","date_gmt":"2024-05-14T13:44:48","guid":{"rendered":"https:\/\/agora.xtec.cat\/ceip-jrj\/?p=6768"},"modified":"2024-05-14T15:46:42","modified_gmt":"2024-05-14T13:46:42","slug":"i3-i-i4-a-can-julia","status":"publish","type":"post","link":"https:\/\/agora.xtec.cat\/ceip-jrj\/general\/i3-i-i4-a-can-julia\/","title":{"rendered":"I3 i I4 a Can Juli\u00e0!!!"},"content":{"rendered":"<p><span style=\"font-weight: 400;\">El dijous passat els infants de la classe dels Capgrossos, dels Gegants, dels Diables i dels Castellers van passar un dia ple de natura i d\u2019art de Can Juli\u00e0. Els infants van gaudir molt\u00edssim amb els taller de fang que ens van proposar les monitores. El Pere els va ajudar a fer el seu propi got amb el torn i tamb\u00e9 van poder fer amb fang un colom i altres figures planes molt boniques. Tot aix\u00f2 gaudint del bosc i de la natura meravellosa. Quin dia m\u00e9s fant\u00e0stic!!! Si us agradaria veure imatges d\u2019aquesta sortida tan genial feu <a href=\"https:\/\/photos.app.goo.gl\/V9bMNaMnFidpVNUz9\">clic aqu\u00ed<\/a> i a gaudir!!!<\/span><\/p>\n","protected":false},"excerpt":{"rendered":"<p>Els infants d&#8217;I3 i d&#8217;I4 van gaudir d&#8217;un dia fant\u00e0stic jugant i fent d&#8217;artistes a Can Juli\u00e0.&hellip;  <a href=\"https:\/\/agora.xtec.cat\/ceip-jrj\/general\/i3-i-i4-a-can-julia\/\" title=\"Read I3 i I4 a Can Juli\u00e0!!!\">Llegeix m\u00e9s\u00bb<\/a><\/p>\n","protected":false},"author":11,"featured_media":6769,"comment_status":"closed","ping_status":"closed","sticky":false,"template":"","format":"standard","meta":{"_bbp_topic_count":0,"_bbp_reply_count":0,"_bbp_total_topic_count":0,"_bbp_total_reply_count":0,"_bbp_voice_count":0,"_bbp_anonymous_reply_count":0,"_bbp_topic_count_hidden":0,"_bbp_reply_count_hidden":0,"_bbp_forum_subforum_count":0,"footnotes":""},"categories":[1,2,4,5],"tags":[],"class_list":["post-6768","post","type-post","status-publish","format-standard","has-post-thumbnail","hentry","category-general","category-infantil","category-portada","category-primaria"],"post_mailing_queue_ids":[],"_links":{"self":[{"href":"https:\/\/agora.xtec.cat\/ceip-jrj\/wp-json\/wp\/v2\/posts\/6768","targetHints":{"allow":["GET"]}}],"collection":[{"href":"https:\/\/agora.xtec.cat\/ceip-jrj\/wp-json\/wp\/v2\/posts"}],"about":[{"href":"https:\/\/agora.xtec.cat\/ceip-jrj\/wp-json\/wp\/v2\/types\/post"}],"author":[{"embeddable":true,"href":"https:\/\/agora.xtec.cat\/ceip-jrj\/wp-json\/wp\/v2\/users\/11"}],"replies":[{"embeddable":true,"href":"https:\/\/agora.xtec.cat\/ceip-jrj\/wp-json\/wp\/v2\/comments?post=6768"}],"version-history":[{"count":2,"href":"https:\/\/agora.xtec.cat\/ceip-jrj\/wp-json\/wp\/v2\/posts\/6768\/revisions"}],"predecessor-version":[{"id":6771,"href":"https:\/\/agora.xtec.cat\/ceip-jrj\/wp-json\/wp\/v2\/posts\/6768\/revisions\/6771"}],"wp:featuredmedia":[{"embeddable":true,"href":"https:\/\/agora.xtec.cat\/ceip-jrj\/wp-json\/wp\/v2\/media\/6769"}],"wp:attachment":[{"href":"https:\/\/agora.xtec.cat\/ceip-jrj\/wp-json\/wp\/v2\/media?parent=6768"}],"wp:term":[{"taxonomy":"category","embeddable":true,"href":"https:\/\/agora.xtec.cat\/ceip-jrj\/wp-json\/wp\/v2\/categories?post=6768"},{"taxonomy":"post_tag","embeddable":true,"href":"https:\/\/agora.xtec.cat\/ceip-jrj\/wp-json\/wp\/v2\/tags?post=6768"}],"curies":[{"name":"wp","href":"https:\/\/api.w.org\/{rel}","templated":true}]}}