{"id":6758,"date":"2024-05-08T06:27:53","date_gmt":"2024-05-08T04:27:53","guid":{"rendered":"https:\/\/agora.xtec.cat\/ceip-jrj\/?p=6758"},"modified":"2024-05-08T06:27:53","modified_gmt":"2024-05-08T04:27:53","slug":"lhort-de-lerico","status":"publish","type":"post","link":"https:\/\/agora.xtec.cat\/ceip-jrj\/general\/lhort-de-lerico\/","title":{"rendered":"L&#8217;hort de l&#8217;Eri\u00e7\u00f3"},"content":{"rendered":"<p><img loading=\"lazy\" decoding=\"async\" class=\"alignleft\" src=\"https:\/\/blogger.googleusercontent.com\/img\/b\/R29vZ2xl\/AVvXsEjgsT6CQr1q0tPgwk37ySfggUwDcH3PwUECN3Kv8_cQlfKcKvMKUdGm0fMaNF_8-2L9zoi4FDdzxFW_jpjuE0LdHkOvCkS62JO0ohREbUY5w6UXf0ecepCGMqutuJS0qtp6OShfHlLdQ0Y\/s1600\/planatar.gif\" alt=\"Escuela Pret\u00e9cnica Antonio S. Pedreira: Huerto Casero esto se pone mejor...\" width=\"130\" height=\"224\" \/><\/p>\n<p>&nbsp;<\/p>\n<p>Les nenes i els nens de 1r nivell hem visitat l&#8217;hort de la finca Cal Sans, en Sant Boi de Llobregat. Vam fer un recorregut per l&#8217;explotaci\u00f3 agr\u00edcola per con\u00e8ixer la import\u00e0ncia dels productes km 0. Tamb\u00e9 vam portar a terme diferents activitats pr\u00e0ctiques incloent la degustaci\u00f3 de fruites i verdures.\u00a0 Aquesta activitat est\u00e0 relacionada amb el Taller del Programa escolar de fruites, hortalisses i llet del Departament d&#8217;Acci\u00f3 Clim\u00e0tica, Alimentaci\u00f3 i Agenda Rural que vam dur a terme a l&#8217;escola.<\/p>\n<p style=\"text-align: center;\"><a href=\"https:\/\/photos.app.goo.gl\/bpT4gVkD3KmvitMU9\">GALERIA FOTOGR\u00c0FICA<\/a><\/p>\n","protected":false},"excerpt":{"rendered":"<p>&#8230;LES ARRELS, MENJA QUE MENJA,<br \/>\nI LES FULLES RESPIRANT.<br \/>\nEL MEU HORT \u00c9S UNA FESTA,<br \/>\nPER\u00d2 ES FA FESTA TREBALLANT.<br \/>\n(RICARD BONMAT\u00cd) &hellip;  <a href=\"https:\/\/agora.xtec.cat\/ceip-jrj\/general\/lhort-de-lerico\/\" title=\"Read L&#8217;hort de l&#8217;Eri\u00e7\u00f3\">Llegeix m\u00e9s\u00bb<\/a><\/p>\n","protected":false},"author":9,"featured_media":6759,"comment_status":"closed","ping_status":"closed","sticky":false,"template":"","format":"standard","meta":{"_bbp_topic_count":0,"_bbp_reply_count":0,"_bbp_total_topic_count":0,"_bbp_total_reply_count":0,"_bbp_voice_count":0,"_bbp_anonymous_reply_count":0,"_bbp_topic_count_hidden":0,"_bbp_reply_count_hidden":0,"_bbp_forum_subforum_count":0,"footnotes":""},"categories":[10,1,4,5],"tags":[],"class_list":["post-6758","post","type-post","status-publish","format-standard","has-post-thumbnail","hentry","category-1r","category-general","category-portada","category-primaria"],"post_mailing_queue_ids":[],"_links":{"self":[{"href":"https:\/\/agora.xtec.cat\/ceip-jrj\/wp-json\/wp\/v2\/posts\/6758","targetHints":{"allow":["GET"]}}],"collection":[{"href":"https:\/\/agora.xtec.cat\/ceip-jrj\/wp-json\/wp\/v2\/posts"}],"about":[{"href":"https:\/\/agora.xtec.cat\/ceip-jrj\/wp-json\/wp\/v2\/types\/post"}],"author":[{"embeddable":true,"href":"https:\/\/agora.xtec.cat\/ceip-jrj\/wp-json\/wp\/v2\/users\/9"}],"replies":[{"embeddable":true,"href":"https:\/\/agora.xtec.cat\/ceip-jrj\/wp-json\/wp\/v2\/comments?post=6758"}],"version-history":[{"count":1,"href":"https:\/\/agora.xtec.cat\/ceip-jrj\/wp-json\/wp\/v2\/posts\/6758\/revisions"}],"predecessor-version":[{"id":6760,"href":"https:\/\/agora.xtec.cat\/ceip-jrj\/wp-json\/wp\/v2\/posts\/6758\/revisions\/6760"}],"wp:featuredmedia":[{"embeddable":true,"href":"https:\/\/agora.xtec.cat\/ceip-jrj\/wp-json\/wp\/v2\/media\/6759"}],"wp:attachment":[{"href":"https:\/\/agora.xtec.cat\/ceip-jrj\/wp-json\/wp\/v2\/media?parent=6758"}],"wp:term":[{"taxonomy":"category","embeddable":true,"href":"https:\/\/agora.xtec.cat\/ceip-jrj\/wp-json\/wp\/v2\/categories?post=6758"},{"taxonomy":"post_tag","embeddable":true,"href":"https:\/\/agora.xtec.cat\/ceip-jrj\/wp-json\/wp\/v2\/tags?post=6758"}],"curies":[{"name":"wp","href":"https:\/\/api.w.org\/{rel}","templated":true}]}}