{"id":6682,"date":"2024-03-20T22:28:41","date_gmt":"2024-03-20T21:28:41","guid":{"rendered":"https:\/\/agora.xtec.cat\/ceip-jrj\/?p=6682"},"modified":"2024-03-20T22:42:39","modified_gmt":"2024-03-20T21:42:39","slug":"semifinal-del-xx-certamen-de-lectura-en-veu-alta","status":"publish","type":"post","link":"https:\/\/agora.xtec.cat\/ceip-jrj\/general\/semifinal-del-xx-certamen-de-lectura-en-veu-alta\/","title":{"rendered":"Semifinal del XX cert\u00e0men de lectura en veu alta"},"content":{"rendered":"<p>A l&#8217;Auditori Joan Cererols de Martorell s&#8217;ha celebrat la Semifinal 3 del XX Certamen Lectura en Veu Alta. Ha estat organitzat pels Serveis Educatius de Martorell i el Departament d&#8217;Educaci\u00f3.<span id=\"more-12695\"><\/span><\/p>\n<p>Com cada any, l&#8217;escola ha participat a la categoria Grumets vermells (cicle mitj\u00e0) i a la categoria Grumets verds (cicle superior).<\/p>\n<p>A la selecci\u00f3 que es va fer a l&#8217;escola, van quedar finalistes l&#8217;Oscar Ricaza de 4C i la Sof\u00eda Gonz\u00e1lez de 6A. Van guanyar el Dar\u00edo Garc\u00eda de 4A i l&#8217;Ona Morera de 6A.<\/p>\n<p>A la semifinal que ha tingut lloc al Centre Cultural han llegit el Dar\u00edo i l&#8217;Ona juntament amb els representants de la resta d&#8217;escoles participants. El nivell era molt alt per\u00f2 ho han fet d&#8217;all\u00f2 m\u00e9s b\u00e9.\u00a0 S\u00f3n molt valents de poder llegir amb flu\u00efdesa i seguretat\u00a0 davant de tanta gent. Moltes gr\u00e0cies per haver representat a l&#8217;escola de manera excel\u00b7lent!<\/p>\n<p>&nbsp;<\/p>\n<p><a href=\"https:\/\/agora.xtec.cat\/ceip-jrj\/general\/semifinal-del-xx-certamen-de-lectura-en-veu-alta\/attachment\/img_3763\/\" rel=\"attachment wp-att-6689\"><img loading=\"lazy\" decoding=\"async\" class=\"alignnone wp-image-6689\" src=\"https:\/\/agora.xtec.cat\/ceip-jrj\/wp-content\/uploads\/usu280\/2024\/03\/IMG_3763-scaled.jpg\" alt=\"\" width=\"317\" height=\"423\" srcset=\"https:\/\/agora.xtec.cat\/ceip-jrj\/wp-content\/uploads\/usu280\/2024\/03\/IMG_3763-scaled.jpg 1920w, https:\/\/agora.xtec.cat\/ceip-jrj\/wp-content\/uploads\/usu280\/2024\/03\/IMG_3763-225x300.jpg 225w, https:\/\/agora.xtec.cat\/ceip-jrj\/wp-content\/uploads\/usu280\/2024\/03\/IMG_3763-768x1024.jpg 768w, https:\/\/agora.xtec.cat\/ceip-jrj\/wp-content\/uploads\/usu280\/2024\/03\/IMG_3763-1152x1536.jpg 1152w, https:\/\/agora.xtec.cat\/ceip-jrj\/wp-content\/uploads\/usu280\/2024\/03\/IMG_3763-1536x2048.jpg 1536w\" sizes=\"auto, (max-width: 317px) 100vw, 317px\" \/><\/a><a href=\"https:\/\/agora.xtec.cat\/ceip-jrj\/general\/semifinal-del-xx-certamen-de-lectura-en-veu-alta\/attachment\/img_3756\/\" rel=\"attachment wp-att-6686\"><img loading=\"lazy\" decoding=\"async\" class=\"wp-image-6686 alignleft\" src=\"https:\/\/agora.xtec.cat\/ceip-jrj\/wp-content\/uploads\/usu280\/2024\/03\/IMG_3756-scaled.jpg\" alt=\"\" width=\"315\" height=\"420\" srcset=\"https:\/\/agora.xtec.cat\/ceip-jrj\/wp-content\/uploads\/usu280\/2024\/03\/IMG_3756-scaled.jpg 1920w, https:\/\/agora.xtec.cat\/ceip-jrj\/wp-content\/uploads\/usu280\/2024\/03\/IMG_3756-225x300.jpg 225w, https:\/\/agora.xtec.cat\/ceip-jrj\/wp-content\/uploads\/usu280\/2024\/03\/IMG_3756-768x1024.jpg 768w, https:\/\/agora.xtec.cat\/ceip-jrj\/wp-content\/uploads\/usu280\/2024\/03\/IMG_3756-1152x1536.jpg 1152w, https:\/\/agora.xtec.cat\/ceip-jrj\/wp-content\/uploads\/usu280\/2024\/03\/IMG_3756-1536x2048.jpg 1536w\" sizes=\"auto, (max-width: 315px) 100vw, 315px\" \/><\/a><\/p>\n","protected":false},"excerpt":{"rendered":"<p>Un any m\u00e9s, l&#8217;escola ha participat al XX Cert\u00e0men de Lectura en Veu Alta. Els nostres representants del cicle mitj\u00e0 i cicle superior ho han fet d&#8217;all\u00f2 m\u00e9s b\u00e9. Felicitats s\u00faper lectors!&hellip;  <a href=\"https:\/\/agora.xtec.cat\/ceip-jrj\/general\/semifinal-del-xx-certamen-de-lectura-en-veu-alta\/\" title=\"Read Semifinal del XX cert\u00e0men de lectura en veu alta\">Llegeix m\u00e9s\u00bb<\/a><\/p>\n","protected":false},"author":1,"featured_media":6683,"comment_status":"open","ping_status":"closed","sticky":false,"template":"","format":"standard","meta":{"_bbp_topic_count":0,"_bbp_reply_count":0,"_bbp_total_topic_count":0,"_bbp_total_reply_count":0,"_bbp_voice_count":0,"_bbp_anonymous_reply_count":0,"_bbp_topic_count_hidden":0,"_bbp_reply_count_hidden":0,"_bbp_forum_subforum_count":0,"footnotes":""},"categories":[1,4],"tags":[],"class_list":["post-6682","post","type-post","status-publish","format-standard","has-post-thumbnail","hentry","category-general","category-portada"],"post_mailing_queue_ids":[],"_links":{"self":[{"href":"https:\/\/agora.xtec.cat\/ceip-jrj\/wp-json\/wp\/v2\/posts\/6682","targetHints":{"allow":["GET"]}}],"collection":[{"href":"https:\/\/agora.xtec.cat\/ceip-jrj\/wp-json\/wp\/v2\/posts"}],"about":[{"href":"https:\/\/agora.xtec.cat\/ceip-jrj\/wp-json\/wp\/v2\/types\/post"}],"author":[{"embeddable":true,"href":"https:\/\/agora.xtec.cat\/ceip-jrj\/wp-json\/wp\/v2\/users\/1"}],"replies":[{"embeddable":true,"href":"https:\/\/agora.xtec.cat\/ceip-jrj\/wp-json\/wp\/v2\/comments?post=6682"}],"version-history":[{"count":4,"href":"https:\/\/agora.xtec.cat\/ceip-jrj\/wp-json\/wp\/v2\/posts\/6682\/revisions"}],"predecessor-version":[{"id":6693,"href":"https:\/\/agora.xtec.cat\/ceip-jrj\/wp-json\/wp\/v2\/posts\/6682\/revisions\/6693"}],"wp:featuredmedia":[{"embeddable":true,"href":"https:\/\/agora.xtec.cat\/ceip-jrj\/wp-json\/wp\/v2\/media\/6683"}],"wp:attachment":[{"href":"https:\/\/agora.xtec.cat\/ceip-jrj\/wp-json\/wp\/v2\/media?parent=6682"}],"wp:term":[{"taxonomy":"category","embeddable":true,"href":"https:\/\/agora.xtec.cat\/ceip-jrj\/wp-json\/wp\/v2\/categories?post=6682"},{"taxonomy":"post_tag","embeddable":true,"href":"https:\/\/agora.xtec.cat\/ceip-jrj\/wp-json\/wp\/v2\/tags?post=6682"}],"curies":[{"name":"wp","href":"https:\/\/api.w.org\/{rel}","templated":true}]}}