{"id":6662,"date":"2024-03-18T19:38:46","date_gmt":"2024-03-18T18:38:46","guid":{"rendered":"https:\/\/agora.xtec.cat\/ceip-jrj\/?p=6662"},"modified":"2024-03-18T19:42:37","modified_gmt":"2024-03-18T18:42:37","slug":"cram-no-embrutem-els-nostres-oceans","status":"publish","type":"post","link":"https:\/\/agora.xtec.cat\/ceip-jrj\/general\/cram-no-embrutem-els-nostres-oceans\/","title":{"rendered":"CRAM: No embrutem els nostres oceans"},"content":{"rendered":"<p><span style=\"font-weight: 400;\">Les classes de 5\u00e8 de Prim\u00e0ria hem anat al CRAM (Centre de Recuperaci\u00f3 d&#8217;Animals Marins) al Prat de Llobregat.<\/span><\/p>\n<p><span style=\"font-weight: 400;\">Hem realitzat una s\u00e8rie d&#8217;activitats, que estan dissenyades per educar als nois i noies sobre la vida marina i la import\u00e0ncia de la seva conservaci\u00f3. Hem tingut l&#8217;oportunitat d&#8217;aprendre sobre les esp\u00e8cies marines que habiten a la regi\u00f3 i els desafiaments que s&#8217;enfronten. Tamb\u00e9 hem participat en activitats interactives relacionades amb la biologia marina, la conservaci\u00f3 del medi ambient i la import\u00e0ncia de protegir la vida marina.<\/span><\/p>\n<p><span style=\"font-weight: 400;\">Per acabar el dia, hem dinat a la platja, on hem gaudit d&#8217;una estoneta molt agradable. En definitiva, ha estat un dia inoblidable i ho hem passat genial!\u00a0<\/span><\/p>\n<p>Podeu veure imatges i algun v\u00eddeo de la sortida a <a href=\"https:\/\/photos.app.goo.gl\/St4KCngyKqPqy98o9\"><em><strong>GALERIA FOTOGR\u00c0FICA\u00a0<\/strong><\/em><\/a><\/p>\n","protected":false},"excerpt":{"rendered":"<p>5\u00e8 de prim\u00e0ria ha anat al CRAM.&hellip;  <a href=\"https:\/\/agora.xtec.cat\/ceip-jrj\/general\/cram-no-embrutem-els-nostres-oceans\/\" title=\"Read CRAM: No embrutem els nostres oceans\">Llegeix m\u00e9s\u00bb<\/a><\/p>\n","protected":false},"author":14,"featured_media":6663,"comment_status":"closed","ping_status":"closed","sticky":false,"template":"","format":"standard","meta":{"_bbp_topic_count":0,"_bbp_reply_count":0,"_bbp_total_topic_count":0,"_bbp_total_reply_count":0,"_bbp_voice_count":0,"_bbp_anonymous_reply_count":0,"_bbp_topic_count_hidden":0,"_bbp_reply_count_hidden":0,"_bbp_forum_subforum_count":0,"footnotes":""},"categories":[1,4],"tags":[],"class_list":["post-6662","post","type-post","status-publish","format-standard","has-post-thumbnail","hentry","category-general","category-portada"],"post_mailing_queue_ids":[],"_links":{"self":[{"href":"https:\/\/agora.xtec.cat\/ceip-jrj\/wp-json\/wp\/v2\/posts\/6662","targetHints":{"allow":["GET"]}}],"collection":[{"href":"https:\/\/agora.xtec.cat\/ceip-jrj\/wp-json\/wp\/v2\/posts"}],"about":[{"href":"https:\/\/agora.xtec.cat\/ceip-jrj\/wp-json\/wp\/v2\/types\/post"}],"author":[{"embeddable":true,"href":"https:\/\/agora.xtec.cat\/ceip-jrj\/wp-json\/wp\/v2\/users\/14"}],"replies":[{"embeddable":true,"href":"https:\/\/agora.xtec.cat\/ceip-jrj\/wp-json\/wp\/v2\/comments?post=6662"}],"version-history":[{"count":4,"href":"https:\/\/agora.xtec.cat\/ceip-jrj\/wp-json\/wp\/v2\/posts\/6662\/revisions"}],"predecessor-version":[{"id":6667,"href":"https:\/\/agora.xtec.cat\/ceip-jrj\/wp-json\/wp\/v2\/posts\/6662\/revisions\/6667"}],"wp:featuredmedia":[{"embeddable":true,"href":"https:\/\/agora.xtec.cat\/ceip-jrj\/wp-json\/wp\/v2\/media\/6663"}],"wp:attachment":[{"href":"https:\/\/agora.xtec.cat\/ceip-jrj\/wp-json\/wp\/v2\/media?parent=6662"}],"wp:term":[{"taxonomy":"category","embeddable":true,"href":"https:\/\/agora.xtec.cat\/ceip-jrj\/wp-json\/wp\/v2\/categories?post=6662"},{"taxonomy":"post_tag","embeddable":true,"href":"https:\/\/agora.xtec.cat\/ceip-jrj\/wp-json\/wp\/v2\/tags?post=6662"}],"curies":[{"name":"wp","href":"https:\/\/api.w.org\/{rel}","templated":true}]}}